{"id":10074,"date":"2019-11-15T10:18:21","date_gmt":"2019-11-15T09:18:21","guid":{"rendered":"https:\/\/www.wespeakiot.com\/?p=10074"},"modified":"2025-11-19T15:13:53","modified_gmt":"2025-11-19T14:13:53","slug":"gedankensteuerung-fuer-das-smart-home","status":"publish","type":"post","link":"https:\/\/www.wespeakiot.com\/de\/gedankensteuerung-fuer-das-smart-home\/","title":{"rendered":"Gedankensteuerung f\u00fcr das Smart Home"},"content":{"rendered":"<div class=\"ccfic\"><span class=\"ccfic-text\">Quelle: N\u016brio<\/span><\/div>\n<h2>Als ob <a href=\"https:\/\/www.dennis-knake.de\/2017\/12\/12\/erfahrungen-mit-alexa-leben-mit-amazon-echo\/\" target=\"_blank\" rel=\"noopener noreferrer\">Sprachsteuerung via Alexa<\/a> f\u00fcr viele nicht schon unheimlich genug ist: Die amerikanische Firma N\u016brio geht noch einen Schritt weiter. Das Unternehmen k\u00fcndigte f\u00fcr Mitte 2020 ein so genanntes &#8222;EEG-Device&#8220; in Form eines Ohrsteckers an, mit der IoT-Ger\u00e4te gesteuert werden k\u00f6nnen &#8211; per Gedanken. Das &#8222;N\u016brio&#8220; genannte Ger\u00e4t ist nach Herstellerangaben das weltweit kleinste Wearable zur Gehirnmessung und Steuerung von smarten Ger\u00e4ten im Internet der Dinge.<\/h2>\n<p>N\u016brio streamt die gesammelten Daten aus der Gehirnaktivit\u00e4t des Nutzers via Bluetooth auf ein beliebiges Smartphone. \u00dcber eine App sollen die User ihre Gehirnaktivit\u00e4t visualisieren k\u00f6nnen und so wertvolle Gesundheitsdaten erhalten, wie der <a href=\"https:\/\/www.meddeviceonline.com\/doc\/breakthrough-mind-reading-wearable-device-launch-protolabs-cool-idea-award-0001\" target=\"_blank\" rel=\"noopener noreferrer\">Onlinedienst Med Device berichtet<\/a>. Auch sei das Ger\u00e4t in der Lage, Kommandos an angeschlossene Ger\u00e4te innerhalb der N\u016brio Cloud zu senden.<\/p>\n<p><em>&#8222;Wir wollen der Welt Zugang zu ihren mentalen Daten verschaffen, um den zuvor geheimnisvollen Geist besser zu verstehen&#8220;<\/em>, verk\u00fcndet <a href=\"http:\/\/www.nurio.info\/\" target=\"_blank\" rel=\"noopener noreferrer\">N\u016brio<\/a> Gr\u00fcnder und CEO Ian Rowan.<em> &#8222;Wir treten in eine neue \u00c4ra der Nutzung des Geistes ein, um die vernetzte Welt zu kontrollieren, unabh\u00e4ngig von den k\u00f6rperlichen F\u00e4higkeiten eines Menschen.&#8220;<\/em><\/p>\n<p>Wir haben uns noch nicht an die<a href=\"https:\/\/www.wespeakiot.com\/de\/alexas-feldzug-vom-wohnzimmer-ins-ganze-haus\/\"> Sprachsteuerung unserer Ger\u00e4te etwa via Alexa oder Google<\/a> gew\u00f6hnt, dann kommt schon der n\u00e4chste evolution\u00e4re Schritt daher und soll die <a href=\"https:\/\/www.protolabs.com\/about-us\/cool-idea-award\/nurio\/\" target=\"_blank\" rel=\"noopener noreferrer\">Steuerung von Ger\u00e4ten per Gedanken<\/a> erm\u00f6glichen. Inwiefern sich diese Technologie etwa auch auf die Steuerung unseres Smart Homes auswirken wird, bleibt abzuwarten. Noch gibt es keine kompatiblen Ger\u00e4te f\u00fcr die propriet\u00e4re N\u016brio-Technologie.<\/p>\n<h3>Wie funktioniert die Gedankensteuerung?<\/h3>\n<p>Das Ger\u00e4t verwendet die in der Medizin bekannte Elektroenzephalografie (EEG), mit der \u00fcber Sonden auf der Haut kleinste Spannungen im Mikrovolt Bereich gemessen werden. Der Ohrstecker nutzt dabei drei abgschirmte Trockenhaut-Elektroden und sendet die empfangenen Signale via Bluetooth an ein Smartphone das mit der entsprechenden Empfangsapp ausgestattet ist.<\/p>\n<p>F\u00fcr die Gedankensteuerung werden alle Metriken aus den Roh-EEG-Daten unter Verwendung eigener Algorithmen abgeleitet, die nach Herstellerangaben auf neuro-wissenschaftlichen Forschungsarbeiten basieren. Die App soll es zudem erm\u00f6glichen, Sitzungen dieser Metriken aufzuzeichnen. So lassen sich Einblicke in die Aufmerksamkeit bei fokussierten Aufgaben, Ruhephasen oder Emotionen aufzuzeichnen. \u00dcber maschinelles Lernen soll sich die App an die mentalen Zust\u00e4nde des Nutzers gew\u00f6hnen und diesen auf Verhaltens\u00e4nderungen hinweisen.<\/p>\n<p>Als weitere Einsatzm\u00f6glichkeit ist die Steuerung von Ger\u00e4ten im Internet der Dinge vorgesehen. Benutzer k\u00f6nnen kompatible IoT-Ger\u00e4te zu ihrem Profil hinzuf\u00fcgen. Dazu nehmen sie etwa eine Minute lang Gedanken zu diesem Ger\u00e4t auf. Die KI-Algorithmen speichern diese Gedankenwellen und setzen diese in umsetzbare Befehle um. Denkt der User k\u00fcnftig wieder an das entsprechende Ger\u00e4t, soll es per so automatisch angesteuert werden k\u00f6nnen. Die Gedankensteuerung soll dabei anschlie\u00dfend in weniger als zwei Sekunden reagieren.<\/p>\n<h3>Preis und Verf\u00fcgbarkeit<\/h3>\n<p>N\u016brio k\u00fcndigte die Verf\u00fcgbarkeit seines Ger\u00e4tes f\u00fcr Mitte 2020 zu einem Preis von 229 US-Dollar an.\u00a0Wie gut das Ger\u00e4t am Ende wirklich funktioniert, wird sich zeigen. Herk\u00f6mmliche EEG-Ger\u00e4te sind deutlich gr\u00f6\u00dfer und komplexer.<\/p>\n","protected":false},"excerpt":{"rendered":"<p>Als ob Sprachsteuerung via Alexa f\u00fcr viele nicht schon unheimlich genug ist, geht die amerikanische Firme Protolabs Inc. noch einen Schritt weiter: Das Unternehmen k\u00fcndigte f\u00fcr Anfang 2020 ein so genanntes &#8222;EEG-Device&#8220; in Form eines Ohrsteckers an, mit der IoT-Ger\u00e4te gesteuert werden k\u00f6nnen &#8211; per Gedanken.<\/p>\n","protected":false},"author":2,"featured_media":10079,"comment_status":"open","ping_status":"open","sticky":false,"template":"","format":"standard","meta":{"footnotes":""},"categories":[2360,9531],"tags":[8610,8608,6580,8609],"class_list":["post-10074","post","type-post","status-publish","format-standard","has-post-thumbnail","hentry","category-schlagzeilen","category-smart-home","tag-eeg-de","tag-gedankensteuerung","tag-smart-home-de","tag-sprachsteuerung"],"yoast_head":"<!-- This site is optimized with the Yoast SEO plugin v27.5 - https:\/\/yoast.com\/product\/yoast-seo-wordpress\/ -->\n<title>Gedankensteuerung f\u00fcr das Smart Home - We speak IoT<\/title>\n<meta name=\"description\" content=\"Gedankensteuerung f\u00fcr das Smart Home: Wir haben uns noch nichtmal an Sprachsteuerung gew\u00f6hnt, nun kommt der n\u00e4chste evolution\u00e4re Schritt.\" \/>\n<meta name=\"robots\" content=\"index, follow, max-snippet:-1, max-image-preview:large, max-video-preview:-1\" \/>\n<link rel=\"canonical\" href=\"https:\/\/www.wespeakiot.com\/de\/gedankensteuerung-fuer-das-smart-home\/\" \/>\n<meta property=\"og:locale\" content=\"de_DE\" \/>\n<meta property=\"og:type\" content=\"article\" \/>\n<meta property=\"og:title\" content=\"Gedankensteuerung f\u00fcr das Smart Home - We speak IoT\" \/>\n<meta property=\"og:description\" content=\"Gedankensteuerung f\u00fcr das Smart Home: Wir haben uns noch nichtmal an Sprachsteuerung gew\u00f6hnt, nun kommt der n\u00e4chste evolution\u00e4re Schritt.\" \/>\n<meta property=\"og:url\" content=\"https:\/\/www.wespeakiot.com\/de\/gedankensteuerung-fuer-das-smart-home\/\" \/>\n<meta property=\"og:site_name\" content=\"We speak IoT\" \/>\n<meta property=\"article:published_time\" content=\"2019-11-15T09:18:21+00:00\" \/>\n<meta property=\"article:modified_time\" content=\"2025-11-19T14:13:53+00:00\" \/>\n<meta property=\"og:image\" content=\"https:\/\/www.wespeakiot.com\/wp-content\/uploads\/2019\/11\/nuri.jpg\" \/>\n\t<meta property=\"og:image:width\" content=\"960\" \/>\n\t<meta property=\"og:image:height\" content=\"640\" \/>\n\t<meta property=\"og:image:type\" content=\"image\/jpeg\" \/>\n<meta name=\"author\" content=\"Dennis Knake\" \/>\n<meta name=\"twitter:card\" content=\"summary_large_image\" \/>\n<meta name=\"twitter:label1\" content=\"Verfasst von\" \/>\n\t<meta name=\"twitter:data1\" content=\"Dennis Knake\" \/>\n\t<meta name=\"twitter:label2\" content=\"Gesch\u00e4tzte Lesezeit\" \/>\n\t<meta name=\"twitter:data2\" content=\"3\u00a0Minuten\" \/>\n<script type=\"application\/ld+json\" class=\"yoast-schema-graph\">{\"@context\":\"https:\\\/\\\/schema.org\",\"@graph\":[{\"@type\":\"NewsArticle\",\"@id\":\"https:\\\/\\\/www.wespeakiot.com\\\/de\\\/gedankensteuerung-fuer-das-smart-home\\\/#article\",\"isPartOf\":{\"@id\":\"https:\\\/\\\/www.wespeakiot.com\\\/de\\\/gedankensteuerung-fuer-das-smart-home\\\/\"},\"author\":{\"name\":\"Dennis Knake\",\"@id\":\"https:\\\/\\\/www.wespeakiot.com\\\/de\\\/#\\\/schema\\\/person\\\/dd04a17adf7d86ba9e96e23b55d929f8\"},\"headline\":\"Gedankensteuerung f\u00fcr das Smart Home\",\"datePublished\":\"2019-11-15T09:18:21+00:00\",\"dateModified\":\"2025-11-19T14:13:53+00:00\",\"mainEntityOfPage\":{\"@id\":\"https:\\\/\\\/www.wespeakiot.com\\\/de\\\/gedankensteuerung-fuer-das-smart-home\\\/\"},\"wordCount\":517,\"commentCount\":0,\"publisher\":{\"@id\":\"https:\\\/\\\/www.wespeakiot.com\\\/de\\\/#organization\"},\"image\":{\"@id\":\"https:\\\/\\\/www.wespeakiot.com\\\/de\\\/gedankensteuerung-fuer-das-smart-home\\\/#primaryimage\"},\"thumbnailUrl\":\"https:\\\/\\\/www.wespeakiot.com\\\/wp-content\\\/uploads\\\/2019\\\/11\\\/nuri.jpg\",\"keywords\":[\"eeg\",\"Gedankensteuerung\",\"Smart Home\",\"Sprachsteuerung\"],\"articleSection\":[\"Schlagzeilen\",\"Smart Home\"],\"inLanguage\":\"de\",\"potentialAction\":[{\"@type\":\"CommentAction\",\"name\":\"Comment\",\"target\":[\"https:\\\/\\\/www.wespeakiot.com\\\/de\\\/gedankensteuerung-fuer-das-smart-home\\\/#respond\"]}]},{\"@type\":\"WebPage\",\"@id\":\"https:\\\/\\\/www.wespeakiot.com\\\/de\\\/gedankensteuerung-fuer-das-smart-home\\\/\",\"url\":\"https:\\\/\\\/www.wespeakiot.com\\\/de\\\/gedankensteuerung-fuer-das-smart-home\\\/\",\"name\":\"Gedankensteuerung f\u00fcr das Smart Home - We speak IoT\",\"isPartOf\":{\"@id\":\"https:\\\/\\\/www.wespeakiot.com\\\/de\\\/#website\"},\"primaryImageOfPage\":{\"@id\":\"https:\\\/\\\/www.wespeakiot.com\\\/de\\\/gedankensteuerung-fuer-das-smart-home\\\/#primaryimage\"},\"image\":{\"@id\":\"https:\\\/\\\/www.wespeakiot.com\\\/de\\\/gedankensteuerung-fuer-das-smart-home\\\/#primaryimage\"},\"thumbnailUrl\":\"https:\\\/\\\/www.wespeakiot.com\\\/wp-content\\\/uploads\\\/2019\\\/11\\\/nuri.jpg\",\"datePublished\":\"2019-11-15T09:18:21+00:00\",\"dateModified\":\"2025-11-19T14:13:53+00:00\",\"description\":\"Gedankensteuerung f\u00fcr das Smart Home: Wir haben uns noch nichtmal an Sprachsteuerung gew\u00f6hnt, nun kommt der n\u00e4chste evolution\u00e4re Schritt.\",\"breadcrumb\":{\"@id\":\"https:\\\/\\\/www.wespeakiot.com\\\/de\\\/gedankensteuerung-fuer-das-smart-home\\\/#breadcrumb\"},\"inLanguage\":\"de\",\"potentialAction\":[{\"@type\":\"ReadAction\",\"target\":[\"https:\\\/\\\/www.wespeakiot.com\\\/de\\\/gedankensteuerung-fuer-das-smart-home\\\/\"]}]},{\"@type\":\"ImageObject\",\"inLanguage\":\"de\",\"@id\":\"https:\\\/\\\/www.wespeakiot.com\\\/de\\\/gedankensteuerung-fuer-das-smart-home\\\/#primaryimage\",\"url\":\"https:\\\/\\\/www.wespeakiot.com\\\/wp-content\\\/uploads\\\/2019\\\/11\\\/nuri.jpg\",\"contentUrl\":\"https:\\\/\\\/www.wespeakiot.com\\\/wp-content\\\/uploads\\\/2019\\\/11\\\/nuri.jpg\",\"width\":960,\"height\":640,\"caption\":\"Nurio\"},{\"@type\":\"BreadcrumbList\",\"@id\":\"https:\\\/\\\/www.wespeakiot.com\\\/de\\\/gedankensteuerung-fuer-das-smart-home\\\/#breadcrumb\",\"itemListElement\":[{\"@type\":\"ListItem\",\"position\":1,\"name\":\"Home\",\"item\":\"https:\\\/\\\/www.wespeakiot.com\\\/de\\\/\"},{\"@type\":\"ListItem\",\"position\":2,\"name\":\"Gedankensteuerung f\u00fcr das Smart Home\"}]},{\"@type\":\"WebSite\",\"@id\":\"https:\\\/\\\/www.wespeakiot.com\\\/de\\\/#website\",\"url\":\"https:\\\/\\\/www.wespeakiot.com\\\/de\\\/\",\"name\":\"WeSpeakIoT\",\"description\":\"Inside the Internet of Things\",\"publisher\":{\"@id\":\"https:\\\/\\\/www.wespeakiot.com\\\/de\\\/#organization\"},\"potentialAction\":[{\"@type\":\"SearchAction\",\"target\":{\"@type\":\"EntryPoint\",\"urlTemplate\":\"https:\\\/\\\/www.wespeakiot.com\\\/de\\\/?s={search_term_string}\"},\"query-input\":{\"@type\":\"PropertyValueSpecification\",\"valueRequired\":true,\"valueName\":\"search_term_string\"}}],\"inLanguage\":\"de\"},{\"@type\":\"Organization\",\"@id\":\"https:\\\/\\\/www.wespeakiot.com\\\/de\\\/#organization\",\"name\":\"WeSpeakIoT - Inside the Internet of Things\",\"url\":\"https:\\\/\\\/www.wespeakiot.com\\\/de\\\/\",\"logo\":{\"@type\":\"ImageObject\",\"inLanguage\":\"de\",\"@id\":\"https:\\\/\\\/www.wespeakiot.com\\\/de\\\/#\\\/schema\\\/logo\\\/image\\\/\",\"url\":\"https:\\\/\\\/www.wespeakiot.com\\\/wp-content\\\/uploads\\\/2025\\\/08\\\/wespeakiot-logo-696x696-1.jpg\",\"contentUrl\":\"https:\\\/\\\/www.wespeakiot.com\\\/wp-content\\\/uploads\\\/2025\\\/08\\\/wespeakiot-logo-696x696-1.jpg\",\"width\":696,\"height\":696,\"caption\":\"WeSpeakIoT - Inside the Internet of Things\"},\"image\":{\"@id\":\"https:\\\/\\\/www.wespeakiot.com\\\/de\\\/#\\\/schema\\\/logo\\\/image\\\/\"}},{\"@type\":\"Person\",\"@id\":\"https:\\\/\\\/www.wespeakiot.com\\\/de\\\/#\\\/schema\\\/person\\\/dd04a17adf7d86ba9e96e23b55d929f8\",\"name\":\"Dennis Knake\",\"image\":{\"@type\":\"ImageObject\",\"inLanguage\":\"de\",\"@id\":\"https:\\\/\\\/www.wespeakiot.com\\\/wp-content\\\/uploads\\\/2025\\\/06\\\/1690888686080-100x100.jpeg\",\"url\":\"https:\\\/\\\/www.wespeakiot.com\\\/wp-content\\\/uploads\\\/2025\\\/06\\\/1690888686080-100x100.jpeg\",\"contentUrl\":\"https:\\\/\\\/www.wespeakiot.com\\\/wp-content\\\/uploads\\\/2025\\\/06\\\/1690888686080-100x100.jpeg\",\"caption\":\"Dennis Knake\"},\"description\":\"Dennis Knake is a professional editor with many years of experience in IT and telecommunications communications. For more than two decades, he has been writing about IT, IoT, and the digital transformation of industries. Fascinated by technological innovation, he follows new developments with curiosity \u2013 and a critical eye.\",\"sameAs\":[\"https:\\\/\\\/www.dennis-knake.de\\\/\",\"https:\\\/\\\/www.linkedin.com\\\/in\\\/dennis-knake-a6917484\"],\"url\":\"https:\\\/\\\/www.wespeakiot.com\\\/de\\\/author\\\/dknake\\\/\"}]}<\/script>\n<!-- \/ Yoast SEO plugin. -->","yoast_head_json":{"title":"Gedankensteuerung f\u00fcr das Smart Home - We speak IoT","description":"Gedankensteuerung f\u00fcr das Smart Home: Wir haben uns noch nichtmal an Sprachsteuerung gew\u00f6hnt, nun kommt der n\u00e4chste evolution\u00e4re Schritt.","robots":{"index":"index","follow":"follow","max-snippet":"max-snippet:-1","max-image-preview":"max-image-preview:large","max-video-preview":"max-video-preview:-1"},"canonical":"https:\/\/www.wespeakiot.com\/de\/gedankensteuerung-fuer-das-smart-home\/","og_locale":"de_DE","og_type":"article","og_title":"Gedankensteuerung f\u00fcr das Smart Home - We speak IoT","og_description":"Gedankensteuerung f\u00fcr das Smart Home: Wir haben uns noch nichtmal an Sprachsteuerung gew\u00f6hnt, nun kommt der n\u00e4chste evolution\u00e4re Schritt.","og_url":"https:\/\/www.wespeakiot.com\/de\/gedankensteuerung-fuer-das-smart-home\/","og_site_name":"We speak IoT","article_published_time":"2019-11-15T09:18:21+00:00","article_modified_time":"2025-11-19T14:13:53+00:00","og_image":[{"width":960,"height":640,"url":"https:\/\/www.wespeakiot.com\/wp-content\/uploads\/2019\/11\/nuri.jpg","type":"image\/jpeg"}],"author":"Dennis Knake","twitter_card":"summary_large_image","twitter_misc":{"Verfasst von":"Dennis Knake","Gesch\u00e4tzte Lesezeit":"3\u00a0Minuten"},"schema":{"@context":"https:\/\/schema.org","@graph":[{"@type":"NewsArticle","@id":"https:\/\/www.wespeakiot.com\/de\/gedankensteuerung-fuer-das-smart-home\/#article","isPartOf":{"@id":"https:\/\/www.wespeakiot.com\/de\/gedankensteuerung-fuer-das-smart-home\/"},"author":{"name":"Dennis Knake","@id":"https:\/\/www.wespeakiot.com\/de\/#\/schema\/person\/dd04a17adf7d86ba9e96e23b55d929f8"},"headline":"Gedankensteuerung f\u00fcr das Smart Home","datePublished":"2019-11-15T09:18:21+00:00","dateModified":"2025-11-19T14:13:53+00:00","mainEntityOfPage":{"@id":"https:\/\/www.wespeakiot.com\/de\/gedankensteuerung-fuer-das-smart-home\/"},"wordCount":517,"commentCount":0,"publisher":{"@id":"https:\/\/www.wespeakiot.com\/de\/#organization"},"image":{"@id":"https:\/\/www.wespeakiot.com\/de\/gedankensteuerung-fuer-das-smart-home\/#primaryimage"},"thumbnailUrl":"https:\/\/www.wespeakiot.com\/wp-content\/uploads\/2019\/11\/nuri.jpg","keywords":["eeg","Gedankensteuerung","Smart Home","Sprachsteuerung"],"articleSection":["Schlagzeilen","Smart Home"],"inLanguage":"de","potentialAction":[{"@type":"CommentAction","name":"Comment","target":["https:\/\/www.wespeakiot.com\/de\/gedankensteuerung-fuer-das-smart-home\/#respond"]}]},{"@type":"WebPage","@id":"https:\/\/www.wespeakiot.com\/de\/gedankensteuerung-fuer-das-smart-home\/","url":"https:\/\/www.wespeakiot.com\/de\/gedankensteuerung-fuer-das-smart-home\/","name":"Gedankensteuerung f\u00fcr das Smart Home - We speak IoT","isPartOf":{"@id":"https:\/\/www.wespeakiot.com\/de\/#website"},"primaryImageOfPage":{"@id":"https:\/\/www.wespeakiot.com\/de\/gedankensteuerung-fuer-das-smart-home\/#primaryimage"},"image":{"@id":"https:\/\/www.wespeakiot.com\/de\/gedankensteuerung-fuer-das-smart-home\/#primaryimage"},"thumbnailUrl":"https:\/\/www.wespeakiot.com\/wp-content\/uploads\/2019\/11\/nuri.jpg","datePublished":"2019-11-15T09:18:21+00:00","dateModified":"2025-11-19T14:13:53+00:00","description":"Gedankensteuerung f\u00fcr das Smart Home: Wir haben uns noch nichtmal an Sprachsteuerung gew\u00f6hnt, nun kommt der n\u00e4chste evolution\u00e4re Schritt.","breadcrumb":{"@id":"https:\/\/www.wespeakiot.com\/de\/gedankensteuerung-fuer-das-smart-home\/#breadcrumb"},"inLanguage":"de","potentialAction":[{"@type":"ReadAction","target":["https:\/\/www.wespeakiot.com\/de\/gedankensteuerung-fuer-das-smart-home\/"]}]},{"@type":"ImageObject","inLanguage":"de","@id":"https:\/\/www.wespeakiot.com\/de\/gedankensteuerung-fuer-das-smart-home\/#primaryimage","url":"https:\/\/www.wespeakiot.com\/wp-content\/uploads\/2019\/11\/nuri.jpg","contentUrl":"https:\/\/www.wespeakiot.com\/wp-content\/uploads\/2019\/11\/nuri.jpg","width":960,"height":640,"caption":"Nurio"},{"@type":"BreadcrumbList","@id":"https:\/\/www.wespeakiot.com\/de\/gedankensteuerung-fuer-das-smart-home\/#breadcrumb","itemListElement":[{"@type":"ListItem","position":1,"name":"Home","item":"https:\/\/www.wespeakiot.com\/de\/"},{"@type":"ListItem","position":2,"name":"Gedankensteuerung f\u00fcr das Smart Home"}]},{"@type":"WebSite","@id":"https:\/\/www.wespeakiot.com\/de\/#website","url":"https:\/\/www.wespeakiot.com\/de\/","name":"WeSpeakIoT","description":"Inside the Internet of Things","publisher":{"@id":"https:\/\/www.wespeakiot.com\/de\/#organization"},"potentialAction":[{"@type":"SearchAction","target":{"@type":"EntryPoint","urlTemplate":"https:\/\/www.wespeakiot.com\/de\/?s={search_term_string}"},"query-input":{"@type":"PropertyValueSpecification","valueRequired":true,"valueName":"search_term_string"}}],"inLanguage":"de"},{"@type":"Organization","@id":"https:\/\/www.wespeakiot.com\/de\/#organization","name":"WeSpeakIoT - Inside the Internet of Things","url":"https:\/\/www.wespeakiot.com\/de\/","logo":{"@type":"ImageObject","inLanguage":"de","@id":"https:\/\/www.wespeakiot.com\/de\/#\/schema\/logo\/image\/","url":"https:\/\/www.wespeakiot.com\/wp-content\/uploads\/2025\/08\/wespeakiot-logo-696x696-1.jpg","contentUrl":"https:\/\/www.wespeakiot.com\/wp-content\/uploads\/2025\/08\/wespeakiot-logo-696x696-1.jpg","width":696,"height":696,"caption":"WeSpeakIoT - Inside the Internet of Things"},"image":{"@id":"https:\/\/www.wespeakiot.com\/de\/#\/schema\/logo\/image\/"}},{"@type":"Person","@id":"https:\/\/www.wespeakiot.com\/de\/#\/schema\/person\/dd04a17adf7d86ba9e96e23b55d929f8","name":"Dennis Knake","image":{"@type":"ImageObject","inLanguage":"de","@id":"https:\/\/www.wespeakiot.com\/wp-content\/uploads\/2025\/06\/1690888686080-100x100.jpeg","url":"https:\/\/www.wespeakiot.com\/wp-content\/uploads\/2025\/06\/1690888686080-100x100.jpeg","contentUrl":"https:\/\/www.wespeakiot.com\/wp-content\/uploads\/2025\/06\/1690888686080-100x100.jpeg","caption":"Dennis Knake"},"description":"Dennis Knake is a professional editor with many years of experience in IT and telecommunications communications. For more than two decades, he has been writing about IT, IoT, and the digital transformation of industries. Fascinated by technological innovation, he follows new developments with curiosity \u2013 and a critical eye.","sameAs":["https:\/\/www.dennis-knake.de\/","https:\/\/www.linkedin.com\/in\/dennis-knake-a6917484"],"url":"https:\/\/www.wespeakiot.com\/de\/author\/dknake\/"}]}},"wp-worthy-pixel":{"ignored":false,"public":null,"server":null,"url":null},"wp-worthy-type":"normal","cc_featured_image_caption":{"caption_text":"Quelle: N\u016brio","source_text":"","source_url":""},"_links":{"self":[{"href":"https:\/\/www.wespeakiot.com\/de\/wp-json\/wp\/v2\/posts\/10074","targetHints":{"allow":["GET"]}}],"collection":[{"href":"https:\/\/www.wespeakiot.com\/de\/wp-json\/wp\/v2\/posts"}],"about":[{"href":"https:\/\/www.wespeakiot.com\/de\/wp-json\/wp\/v2\/types\/post"}],"author":[{"embeddable":true,"href":"https:\/\/www.wespeakiot.com\/de\/wp-json\/wp\/v2\/users\/2"}],"replies":[{"embeddable":true,"href":"https:\/\/www.wespeakiot.com\/de\/wp-json\/wp\/v2\/comments?post=10074"}],"version-history":[{"count":0,"href":"https:\/\/www.wespeakiot.com\/de\/wp-json\/wp\/v2\/posts\/10074\/revisions"}],"wp:featuredmedia":[{"embeddable":true,"href":"https:\/\/www.wespeakiot.com\/de\/wp-json\/wp\/v2\/media\/10079"}],"wp:attachment":[{"href":"https:\/\/www.wespeakiot.com\/de\/wp-json\/wp\/v2\/media?parent=10074"}],"wp:term":[{"taxonomy":"category","embeddable":true,"href":"https:\/\/www.wespeakiot.com\/de\/wp-json\/wp\/v2\/categories?post=10074"},{"taxonomy":"post_tag","embeddable":true,"href":"https:\/\/www.wespeakiot.com\/de\/wp-json\/wp\/v2\/tags?post=10074"}],"curies":[{"name":"wp","href":"https:\/\/api.w.org\/{rel}","templated":true}]}}