{"id":10993,"date":"2022-01-20T13:13:20","date_gmt":"2022-01-20T12:13:20","guid":{"rendered":"https:\/\/www.wespeakiot.com\/?p=10993"},"modified":"2022-01-20T13:20:47","modified_gmt":"2022-01-20T12:20:47","slug":"eworld2022","status":"publish","type":"post","link":"https:\/\/www.wespeakiot.com\/de\/eworld2022\/","title":{"rendered":"E-world energy &#038; water 2022 in den Juni verschoben"},"content":{"rendered":"<div class=\"ccfic\"><span class=\"ccfic-text\">E-world energy & water. Foto: <\/span> <span class=\"ccfic-source\">Rainer Schimm\/E-world PR<\/span><\/div>\n<h2>Die Corona-Pandemie beeintr\u00e4chtigt weiterhin Veranstaltungen auf der ganzen Welt. Europas f\u00fchrende Fachmesse f\u00fcr Energie wurde nun in die Jahresmitte verlegt. Wie der Veranstalter mitteilte, hat sich die \u00fcberwiegende Mehrheit der Aussteller bereits f\u00fcr eine Veranstaltung im Juni ausgesprochen, so dass der Termin vom 21. bis 23. Juni 2022 nun feststeht.<\/h2>\n<p>\u201eWir sind noch immer im engen Austausch mit unseren Ausstellern und erwarten noch weitere R\u00fcckmeldungen, aber schon jetzt k\u00f6nnen wir rund 90 Prozent der gebuchten Ausstellungsfl\u00e4che f\u00fcr den Juni-Termin einplanen. F\u00fcr dieses positive Feedback, die Solidarit\u00e4t und die Unterst\u00fctzung, die wir erfahren, sind wir sehr dankbar und freuen uns, Aussteller und Besucher im Sommer dann endlich wieder in der Messe Essen willkommen zu hei\u00dfen\u201c, so die beiden Gesch\u00e4ftsf\u00fchrerinnen der <a href=\"https:\/\/news.e-world-essen.com\/\" target=\"_blank\" rel=\"noopener\">E-world<\/a> GmbH, Stefanie Hamm und Sabina Gro\u00dfkreuz.<\/p>\n<h3>Umfangreiches Rahmenprogramm geplant<\/h3>\n<p>Auch das Rahmenprogramm der E-world verlegen die Veranstalter auf den Juni-Termin. Konferenzen wie das F\u00fchrungstreffen Energie oder das Glasfaserforum werden Fachbesuchern und Ausstellern ebenso wie das Programm auf den Fachforen wieder zahlreiche Impulse f\u00fcr ihr Business liefern. Die M\u00f6glichkeit, Tickets f\u00fcr den Junitermin zu erwerben, soll zeitnah \u00fcber den E-world Ticketshop zur Verf\u00fcgung stehen.<\/p>\n<h3>Digitale Plattform soll Wartezeit verk\u00fcrzen<\/h3>\n<p>Mit der Community bietet die E-world eine ma\u00dfgeschneiderten OnlinePlattform, die die Wartezeit bis zur n\u00e4chsten Messe vor Ort verk\u00fcrzt und die Branche miteinander vernetzt. Ein abwechslungsreiches, informatives Digitalprogramm, viel Raum f\u00fcr Networking und zahlreiche Kooperationsm\u00f6glichkeiten erwarten die Besucher dort. Die Registrierung ist kostenfrei.<\/p>\n","protected":false},"excerpt":{"rendered":"<p>Die Corona-Pandemie beeintr\u00e4chtigt weiterhin Veranstaltungen auf der ganzen Welt. Europas f\u00fchrende Fachmesse f\u00fcr Energie wurde nun in die Jahresmitte verlegt. Wie der Veranstalter mitteilte, hat sich die \u00fcberwiegende Mehrheit der Aussteller bereits f\u00fcr eine Veranstaltung im Juni ausgesprochen, so dass der Termin vom 21. bis 23. Juni 2022 nun feststeht.<\/p>\n","protected":false},"author":2,"featured_media":10987,"comment_status":"open","ping_status":"open","sticky":false,"template":"","format":"standard","meta":{"footnotes":""},"categories":[2360,1968],"tags":[6318,9594],"class_list":["post-10993","post","type-post","status-publish","format-standard","has-post-thumbnail","hentry","category-schlagzeilen","category-veranstaltungen","tag-e-world-de","tag-e-world-2022"],"yoast_head":"<!-- This site is optimized with the Yoast SEO plugin v27.5 - https:\/\/yoast.com\/product\/yoast-seo-wordpress\/ -->\n<title>E-world energy &amp; water 2022 in den Juni verschoben - We speak IoT<\/title>\n<meta name=\"description\" content=\"Die Corona-Pandemie beeintr\u00e4chtigt weiterhin Veranstaltungen auf der ganzen Welt. Die e-world 2022 wurde nun in die Jahresmitte verlegt.\" \/>\n<meta name=\"robots\" content=\"index, follow, max-snippet:-1, max-image-preview:large, max-video-preview:-1\" \/>\n<link rel=\"canonical\" href=\"https:\/\/www.wespeakiot.com\/de\/eworld2022\/\" \/>\n<meta property=\"og:locale\" content=\"de_DE\" \/>\n<meta property=\"og:type\" content=\"article\" \/>\n<meta property=\"og:title\" content=\"E-world energy &amp; water 2022 in den Juni verschoben\" \/>\n<meta property=\"og:description\" content=\"Die Corona-Pandemie beeintr\u00e4chtigt weiterhin Veranstaltungen auf der ganzen Welt. Die e-world 2022 wurde nun in die Jahresmitte verlegt.\" \/>\n<meta property=\"og:url\" content=\"https:\/\/www.wespeakiot.com\/de\/eworld2022\/\" \/>\n<meta property=\"og:site_name\" content=\"We speak IoT\" \/>\n<meta property=\"article:published_time\" content=\"2022-01-20T12:13:20+00:00\" \/>\n<meta property=\"article:modified_time\" content=\"2022-01-20T12:20:47+00:00\" \/>\n<meta property=\"og:image\" content=\"https:\/\/www.wespeakiot.com\/wp-content\/uploads\/2022\/01\/eworld2022.jpg\" \/>\n\t<meta property=\"og:image:width\" content=\"960\" \/>\n\t<meta property=\"og:image:height\" content=\"640\" \/>\n\t<meta property=\"og:image:type\" content=\"image\/jpeg\" \/>\n<meta name=\"author\" content=\"Dennis Knake\" \/>\n<meta name=\"twitter:card\" content=\"summary_large_image\" \/>\n<meta name=\"twitter:title\" content=\"E-world energy &amp; water 2022 in den Juni verschoben\" \/>\n<meta name=\"twitter:description\" content=\"Die Corona-Pandemie beeintr\u00e4chtigt weiterhin Veranstaltungen auf der ganzen Welt. Die e-world 2022 wurde nun in die Jahresmitte verlegt.\" \/>\n<meta name=\"twitter:image\" content=\"https:\/\/www.wespeakiot.com\/wp-content\/uploads\/2022\/01\/eworld2022.jpg\" \/>\n<meta name=\"twitter:label1\" content=\"Verfasst von\" \/>\n\t<meta name=\"twitter:data1\" content=\"Dennis Knake\" \/>\n\t<meta name=\"twitter:label2\" content=\"Gesch\u00e4tzte Lesezeit\" \/>\n\t<meta name=\"twitter:data2\" content=\"2\u00a0Minuten\" \/>\n<script type=\"application\/ld+json\" class=\"yoast-schema-graph\">{\"@context\":\"https:\\\/\\\/schema.org\",\"@graph\":[{\"@type\":\"NewsArticle\",\"@id\":\"https:\\\/\\\/www.wespeakiot.com\\\/de\\\/eworld2022\\\/#article\",\"isPartOf\":{\"@id\":\"https:\\\/\\\/www.wespeakiot.com\\\/de\\\/eworld2022\\\/\"},\"author\":{\"name\":\"Dennis Knake\",\"@id\":\"https:\\\/\\\/www.wespeakiot.com\\\/de\\\/#\\\/schema\\\/person\\\/dd04a17adf7d86ba9e96e23b55d929f8\"},\"headline\":\"E-world energy &#038; water 2022 in den Juni verschoben\",\"datePublished\":\"2022-01-20T12:13:20+00:00\",\"dateModified\":\"2022-01-20T12:20:47+00:00\",\"mainEntityOfPage\":{\"@id\":\"https:\\\/\\\/www.wespeakiot.com\\\/de\\\/eworld2022\\\/\"},\"wordCount\":261,\"commentCount\":0,\"publisher\":{\"@id\":\"https:\\\/\\\/www.wespeakiot.com\\\/de\\\/#organization\"},\"image\":{\"@id\":\"https:\\\/\\\/www.wespeakiot.com\\\/de\\\/eworld2022\\\/#primaryimage\"},\"thumbnailUrl\":\"https:\\\/\\\/www.wespeakiot.com\\\/wp-content\\\/uploads\\\/2022\\\/01\\\/eworld2022.jpg\",\"keywords\":[\"E-World\",\"e-world 2022\"],\"articleSection\":[\"Schlagzeilen\",\"Veranstaltungen\"],\"inLanguage\":\"de\",\"potentialAction\":[{\"@type\":\"CommentAction\",\"name\":\"Comment\",\"target\":[\"https:\\\/\\\/www.wespeakiot.com\\\/de\\\/eworld2022\\\/#respond\"]}]},{\"@type\":\"WebPage\",\"@id\":\"https:\\\/\\\/www.wespeakiot.com\\\/de\\\/eworld2022\\\/\",\"url\":\"https:\\\/\\\/www.wespeakiot.com\\\/de\\\/eworld2022\\\/\",\"name\":\"E-world energy & water 2022 in den Juni verschoben - We speak IoT\",\"isPartOf\":{\"@id\":\"https:\\\/\\\/www.wespeakiot.com\\\/de\\\/#website\"},\"primaryImageOfPage\":{\"@id\":\"https:\\\/\\\/www.wespeakiot.com\\\/de\\\/eworld2022\\\/#primaryimage\"},\"image\":{\"@id\":\"https:\\\/\\\/www.wespeakiot.com\\\/de\\\/eworld2022\\\/#primaryimage\"},\"thumbnailUrl\":\"https:\\\/\\\/www.wespeakiot.com\\\/wp-content\\\/uploads\\\/2022\\\/01\\\/eworld2022.jpg\",\"datePublished\":\"2022-01-20T12:13:20+00:00\",\"dateModified\":\"2022-01-20T12:20:47+00:00\",\"description\":\"Die Corona-Pandemie beeintr\u00e4chtigt weiterhin Veranstaltungen auf der ganzen Welt. Die e-world 2022 wurde nun in die Jahresmitte verlegt.\",\"breadcrumb\":{\"@id\":\"https:\\\/\\\/www.wespeakiot.com\\\/de\\\/eworld2022\\\/#breadcrumb\"},\"inLanguage\":\"de\",\"potentialAction\":[{\"@type\":\"ReadAction\",\"target\":[\"https:\\\/\\\/www.wespeakiot.com\\\/de\\\/eworld2022\\\/\"]}]},{\"@type\":\"ImageObject\",\"inLanguage\":\"de\",\"@id\":\"https:\\\/\\\/www.wespeakiot.com\\\/de\\\/eworld2022\\\/#primaryimage\",\"url\":\"https:\\\/\\\/www.wespeakiot.com\\\/wp-content\\\/uploads\\\/2022\\\/01\\\/eworld2022.jpg\",\"contentUrl\":\"https:\\\/\\\/www.wespeakiot.com\\\/wp-content\\\/uploads\\\/2022\\\/01\\\/eworld2022.jpg\",\"width\":960,\"height\":640,\"caption\":\"E-world 2022\"},{\"@type\":\"BreadcrumbList\",\"@id\":\"https:\\\/\\\/www.wespeakiot.com\\\/de\\\/eworld2022\\\/#breadcrumb\",\"itemListElement\":[{\"@type\":\"ListItem\",\"position\":1,\"name\":\"Home\",\"item\":\"https:\\\/\\\/www.wespeakiot.com\\\/de\\\/\"},{\"@type\":\"ListItem\",\"position\":2,\"name\":\"E-world energy &#038; water 2022 in den Juni verschoben\"}]},{\"@type\":\"WebSite\",\"@id\":\"https:\\\/\\\/www.wespeakiot.com\\\/de\\\/#website\",\"url\":\"https:\\\/\\\/www.wespeakiot.com\\\/de\\\/\",\"name\":\"WeSpeakIoT\",\"description\":\"Inside the Internet of Things\",\"publisher\":{\"@id\":\"https:\\\/\\\/www.wespeakiot.com\\\/de\\\/#organization\"},\"potentialAction\":[{\"@type\":\"SearchAction\",\"target\":{\"@type\":\"EntryPoint\",\"urlTemplate\":\"https:\\\/\\\/www.wespeakiot.com\\\/de\\\/?s={search_term_string}\"},\"query-input\":{\"@type\":\"PropertyValueSpecification\",\"valueRequired\":true,\"valueName\":\"search_term_string\"}}],\"inLanguage\":\"de\"},{\"@type\":\"Organization\",\"@id\":\"https:\\\/\\\/www.wespeakiot.com\\\/de\\\/#organization\",\"name\":\"WeSpeakIoT - Inside the Internet of Things\",\"url\":\"https:\\\/\\\/www.wespeakiot.com\\\/de\\\/\",\"logo\":{\"@type\":\"ImageObject\",\"inLanguage\":\"de\",\"@id\":\"https:\\\/\\\/www.wespeakiot.com\\\/de\\\/#\\\/schema\\\/logo\\\/image\\\/\",\"url\":\"https:\\\/\\\/www.wespeakiot.com\\\/wp-content\\\/uploads\\\/2025\\\/08\\\/wespeakiot-logo-696x696-1.jpg\",\"contentUrl\":\"https:\\\/\\\/www.wespeakiot.com\\\/wp-content\\\/uploads\\\/2025\\\/08\\\/wespeakiot-logo-696x696-1.jpg\",\"width\":696,\"height\":696,\"caption\":\"WeSpeakIoT - Inside the Internet of Things\"},\"image\":{\"@id\":\"https:\\\/\\\/www.wespeakiot.com\\\/de\\\/#\\\/schema\\\/logo\\\/image\\\/\"}},{\"@type\":\"Person\",\"@id\":\"https:\\\/\\\/www.wespeakiot.com\\\/de\\\/#\\\/schema\\\/person\\\/dd04a17adf7d86ba9e96e23b55d929f8\",\"name\":\"Dennis Knake\",\"image\":{\"@type\":\"ImageObject\",\"inLanguage\":\"de\",\"@id\":\"https:\\\/\\\/www.wespeakiot.com\\\/wp-content\\\/uploads\\\/2025\\\/06\\\/1690888686080-100x100.jpeg\",\"url\":\"https:\\\/\\\/www.wespeakiot.com\\\/wp-content\\\/uploads\\\/2025\\\/06\\\/1690888686080-100x100.jpeg\",\"contentUrl\":\"https:\\\/\\\/www.wespeakiot.com\\\/wp-content\\\/uploads\\\/2025\\\/06\\\/1690888686080-100x100.jpeg\",\"caption\":\"Dennis Knake\"},\"description\":\"Dennis Knake is a professional editor with many years of experience in IT and telecommunications communications. For more than two decades, he has been writing about IT, IoT, and the digital transformation of industries. Fascinated by technological innovation, he follows new developments with curiosity \u2013 and a critical eye.\",\"sameAs\":[\"https:\\\/\\\/www.dennis-knake.de\\\/\",\"https:\\\/\\\/www.linkedin.com\\\/in\\\/dennis-knake-a6917484\"],\"url\":\"https:\\\/\\\/www.wespeakiot.com\\\/de\\\/author\\\/dknake\\\/\"}]}<\/script>\n<!-- \/ Yoast SEO plugin. -->","yoast_head_json":{"title":"E-world energy & water 2022 in den Juni verschoben - We speak IoT","description":"Die Corona-Pandemie beeintr\u00e4chtigt weiterhin Veranstaltungen auf der ganzen Welt. Die e-world 2022 wurde nun in die Jahresmitte verlegt.","robots":{"index":"index","follow":"follow","max-snippet":"max-snippet:-1","max-image-preview":"max-image-preview:large","max-video-preview":"max-video-preview:-1"},"canonical":"https:\/\/www.wespeakiot.com\/de\/eworld2022\/","og_locale":"de_DE","og_type":"article","og_title":"E-world energy & water 2022 in den Juni verschoben","og_description":"Die Corona-Pandemie beeintr\u00e4chtigt weiterhin Veranstaltungen auf der ganzen Welt. Die e-world 2022 wurde nun in die Jahresmitte verlegt.","og_url":"https:\/\/www.wespeakiot.com\/de\/eworld2022\/","og_site_name":"We speak IoT","article_published_time":"2022-01-20T12:13:20+00:00","article_modified_time":"2022-01-20T12:20:47+00:00","og_image":[{"width":960,"height":640,"url":"https:\/\/www.wespeakiot.com\/wp-content\/uploads\/2022\/01\/eworld2022.jpg","type":"image\/jpeg"}],"author":"Dennis Knake","twitter_card":"summary_large_image","twitter_title":"E-world energy & water 2022 in den Juni verschoben","twitter_description":"Die Corona-Pandemie beeintr\u00e4chtigt weiterhin Veranstaltungen auf der ganzen Welt. Die e-world 2022 wurde nun in die Jahresmitte verlegt.","twitter_image":"https:\/\/www.wespeakiot.com\/wp-content\/uploads\/2022\/01\/eworld2022.jpg","twitter_misc":{"Verfasst von":"Dennis Knake","Gesch\u00e4tzte Lesezeit":"2\u00a0Minuten"},"schema":{"@context":"https:\/\/schema.org","@graph":[{"@type":"NewsArticle","@id":"https:\/\/www.wespeakiot.com\/de\/eworld2022\/#article","isPartOf":{"@id":"https:\/\/www.wespeakiot.com\/de\/eworld2022\/"},"author":{"name":"Dennis Knake","@id":"https:\/\/www.wespeakiot.com\/de\/#\/schema\/person\/dd04a17adf7d86ba9e96e23b55d929f8"},"headline":"E-world energy &#038; water 2022 in den Juni verschoben","datePublished":"2022-01-20T12:13:20+00:00","dateModified":"2022-01-20T12:20:47+00:00","mainEntityOfPage":{"@id":"https:\/\/www.wespeakiot.com\/de\/eworld2022\/"},"wordCount":261,"commentCount":0,"publisher":{"@id":"https:\/\/www.wespeakiot.com\/de\/#organization"},"image":{"@id":"https:\/\/www.wespeakiot.com\/de\/eworld2022\/#primaryimage"},"thumbnailUrl":"https:\/\/www.wespeakiot.com\/wp-content\/uploads\/2022\/01\/eworld2022.jpg","keywords":["E-World","e-world 2022"],"articleSection":["Schlagzeilen","Veranstaltungen"],"inLanguage":"de","potentialAction":[{"@type":"CommentAction","name":"Comment","target":["https:\/\/www.wespeakiot.com\/de\/eworld2022\/#respond"]}]},{"@type":"WebPage","@id":"https:\/\/www.wespeakiot.com\/de\/eworld2022\/","url":"https:\/\/www.wespeakiot.com\/de\/eworld2022\/","name":"E-world energy & water 2022 in den Juni verschoben - We speak IoT","isPartOf":{"@id":"https:\/\/www.wespeakiot.com\/de\/#website"},"primaryImageOfPage":{"@id":"https:\/\/www.wespeakiot.com\/de\/eworld2022\/#primaryimage"},"image":{"@id":"https:\/\/www.wespeakiot.com\/de\/eworld2022\/#primaryimage"},"thumbnailUrl":"https:\/\/www.wespeakiot.com\/wp-content\/uploads\/2022\/01\/eworld2022.jpg","datePublished":"2022-01-20T12:13:20+00:00","dateModified":"2022-01-20T12:20:47+00:00","description":"Die Corona-Pandemie beeintr\u00e4chtigt weiterhin Veranstaltungen auf der ganzen Welt. Die e-world 2022 wurde nun in die Jahresmitte verlegt.","breadcrumb":{"@id":"https:\/\/www.wespeakiot.com\/de\/eworld2022\/#breadcrumb"},"inLanguage":"de","potentialAction":[{"@type":"ReadAction","target":["https:\/\/www.wespeakiot.com\/de\/eworld2022\/"]}]},{"@type":"ImageObject","inLanguage":"de","@id":"https:\/\/www.wespeakiot.com\/de\/eworld2022\/#primaryimage","url":"https:\/\/www.wespeakiot.com\/wp-content\/uploads\/2022\/01\/eworld2022.jpg","contentUrl":"https:\/\/www.wespeakiot.com\/wp-content\/uploads\/2022\/01\/eworld2022.jpg","width":960,"height":640,"caption":"E-world 2022"},{"@type":"BreadcrumbList","@id":"https:\/\/www.wespeakiot.com\/de\/eworld2022\/#breadcrumb","itemListElement":[{"@type":"ListItem","position":1,"name":"Home","item":"https:\/\/www.wespeakiot.com\/de\/"},{"@type":"ListItem","position":2,"name":"E-world energy &#038; water 2022 in den Juni verschoben"}]},{"@type":"WebSite","@id":"https:\/\/www.wespeakiot.com\/de\/#website","url":"https:\/\/www.wespeakiot.com\/de\/","name":"WeSpeakIoT","description":"Inside the Internet of Things","publisher":{"@id":"https:\/\/www.wespeakiot.com\/de\/#organization"},"potentialAction":[{"@type":"SearchAction","target":{"@type":"EntryPoint","urlTemplate":"https:\/\/www.wespeakiot.com\/de\/?s={search_term_string}"},"query-input":{"@type":"PropertyValueSpecification","valueRequired":true,"valueName":"search_term_string"}}],"inLanguage":"de"},{"@type":"Organization","@id":"https:\/\/www.wespeakiot.com\/de\/#organization","name":"WeSpeakIoT - Inside the Internet of Things","url":"https:\/\/www.wespeakiot.com\/de\/","logo":{"@type":"ImageObject","inLanguage":"de","@id":"https:\/\/www.wespeakiot.com\/de\/#\/schema\/logo\/image\/","url":"https:\/\/www.wespeakiot.com\/wp-content\/uploads\/2025\/08\/wespeakiot-logo-696x696-1.jpg","contentUrl":"https:\/\/www.wespeakiot.com\/wp-content\/uploads\/2025\/08\/wespeakiot-logo-696x696-1.jpg","width":696,"height":696,"caption":"WeSpeakIoT - Inside the Internet of Things"},"image":{"@id":"https:\/\/www.wespeakiot.com\/de\/#\/schema\/logo\/image\/"}},{"@type":"Person","@id":"https:\/\/www.wespeakiot.com\/de\/#\/schema\/person\/dd04a17adf7d86ba9e96e23b55d929f8","name":"Dennis Knake","image":{"@type":"ImageObject","inLanguage":"de","@id":"https:\/\/www.wespeakiot.com\/wp-content\/uploads\/2025\/06\/1690888686080-100x100.jpeg","url":"https:\/\/www.wespeakiot.com\/wp-content\/uploads\/2025\/06\/1690888686080-100x100.jpeg","contentUrl":"https:\/\/www.wespeakiot.com\/wp-content\/uploads\/2025\/06\/1690888686080-100x100.jpeg","caption":"Dennis Knake"},"description":"Dennis Knake is a professional editor with many years of experience in IT and telecommunications communications. For more than two decades, he has been writing about IT, IoT, and the digital transformation of industries. Fascinated by technological innovation, he follows new developments with curiosity \u2013 and a critical eye.","sameAs":["https:\/\/www.dennis-knake.de\/","https:\/\/www.linkedin.com\/in\/dennis-knake-a6917484"],"url":"https:\/\/www.wespeakiot.com\/de\/author\/dknake\/"}]}},"wp-worthy-pixel":{"ignored":false,"public":null,"server":null,"url":null},"wp-worthy-type":"normal","cc_featured_image_caption":{"caption_text":"E-world energy & water. Foto: ","source_text":"Rainer Schimm\/E-world PR","source_url":""},"_links":{"self":[{"href":"https:\/\/www.wespeakiot.com\/de\/wp-json\/wp\/v2\/posts\/10993","targetHints":{"allow":["GET"]}}],"collection":[{"href":"https:\/\/www.wespeakiot.com\/de\/wp-json\/wp\/v2\/posts"}],"about":[{"href":"https:\/\/www.wespeakiot.com\/de\/wp-json\/wp\/v2\/types\/post"}],"author":[{"embeddable":true,"href":"https:\/\/www.wespeakiot.com\/de\/wp-json\/wp\/v2\/users\/2"}],"replies":[{"embeddable":true,"href":"https:\/\/www.wespeakiot.com\/de\/wp-json\/wp\/v2\/comments?post=10993"}],"version-history":[{"count":0,"href":"https:\/\/www.wespeakiot.com\/de\/wp-json\/wp\/v2\/posts\/10993\/revisions"}],"wp:featuredmedia":[{"embeddable":true,"href":"https:\/\/www.wespeakiot.com\/de\/wp-json\/wp\/v2\/media\/10987"}],"wp:attachment":[{"href":"https:\/\/www.wespeakiot.com\/de\/wp-json\/wp\/v2\/media?parent=10993"}],"wp:term":[{"taxonomy":"category","embeddable":true,"href":"https:\/\/www.wespeakiot.com\/de\/wp-json\/wp\/v2\/categories?post=10993"},{"taxonomy":"post_tag","embeddable":true,"href":"https:\/\/www.wespeakiot.com\/de\/wp-json\/wp\/v2\/tags?post=10993"}],"curies":[{"name":"wp","href":"https:\/\/api.w.org\/{rel}","templated":true}]}}