{"id":12730,"date":"2025-09-02T08:04:35","date_gmt":"2025-09-02T06:04:35","guid":{"rendered":"https:\/\/www.wespeakiot.com\/?p=12730"},"modified":"2025-09-02T08:05:05","modified_gmt":"2025-09-02T06:05:05","slug":"vernetzte-geraete-in-der-eu-deutschlands-position-im-vergleich","status":"publish","type":"post","link":"https:\/\/www.wespeakiot.com\/de\/vernetzte-geraete-in-der-eu-deutschlands-position-im-vergleich\/","title":{"rendered":"Vernetzte Ger\u00e4te in der EU: Deutschlands Position im Vergleich"},"content":{"rendered":"<div class=\"ccfic\"><span class=\"ccfic-text\">Illustratoin: Sora AI<\/span><\/div>\n<h2>Im Jahr 2024 nutzten in der Europ\u00e4ischen Union 70,9\u202f% der Bev\u00f6lkerung im Alter von 16 bis 74 Jahren internetf\u00e4hige Ger\u00e4te, auch als \u201econnected devices\u201c bezeichnet. Die Daten stammen aus der aktuellen Eurostat-Studie und geben Einblick, wie stark vernetzte Technologien inzwischen den Alltag durchdringen \u2013 von Smart-TVs \u00fcber Wearables bis hin zu Sprachassistenten.<\/h2>\n<p>Mit einer Nutzungsrate von <strong>69,54\u202f%<\/strong> liegt Deutschland leicht unter dem EU-Durchschnitt von 70,9\u202f%. Damit positioniert sich das Land im oberen Mittelfeld der 27 EU-Mitgliedsstaaten. Spitzenreiter sind die Niederlande mit 94,81\u202f%, gefolgt von Irland (90,64\u202f%) und D\u00e4nemark (87,04\u202f%). Am unteren Ende der Skala befinden sich Albanien (49,77%), T\u00fcrkei (46,46\u202f%) und Polen (46,05\u202f%).<\/p>\n<h3>Trends bei den Ger\u00e4tetypen<\/h3>\n<p>In Deutschland sind folgende Ger\u00e4te besonders verbreitet:<\/p>\n<ul>\n<li><strong>Smart-TVs<\/strong> und Streaming-Ger\u00e4te dominieren den Markt, da sie die Hauptschnittstelle f\u00fcr Entertainment im Haushalt darstellen.<\/li>\n<li><strong>Wearables<\/strong> wie Fitness-Tracker und Smartwatches erleben ein starkes Wachstum, vor allem in urbanen Regionen.<\/li>\n<li><strong>Sprachassistenten<\/strong> und Smart Speaker gewinnen zunehmend an Akzeptanz, insbesondere in technologieaffinen Haushalten.<\/li>\n<li><strong>Home-Automation-Systeme<\/strong>, etwa smarte Heizungssteuerungen oder Sicherheitssysteme, sind noch im Aufbau, zeigen aber ein steigendes Interesse.<\/li>\n<\/ul>\n<p><img loading=\"lazy\" decoding=\"async\" class=\"aligncenter size-full wp-image-12734\" src=\"https:\/\/www.wespeakiot.com\/wp-content\/uploads\/2025\/09\/1050px-Fig2-devices-EU.png\" alt=\"\" width=\"1050\" height=\"443\" \/><\/p>\n<h3>Altersgruppen: Wer nutzt IoT am h\u00e4ufigsten?<\/h3>\n<p>Unterschiede in der Nutzung vernetzter Ger\u00e4te zwischen den Altersgruppen sind signifikant. Laut Eurostat stieg der Anteil der EU-Bev\u00f6lkerung (16\u201374 Jahre), die Smart-TVs nutzten, von 43 % im Jahr 2020 auf 52 % im Jahr 2022. Wearables wurden 2022 bereits von 26 % genutzt, gegen\u00fcber 17 % in 2020. Virtuelle Assistenten (Smart Speaker oder Apps) waren 2022 bei 13 % etabliert, w\u00e4hrend internetverbundene L\u00f6sungen f\u00fcr Energiemanagement bei 10 % lagen.<\/p>\n<p>J\u00fcngere Erwachsene (z. B. 16\u201324 Jahre) verwenden Wearables deutlich h\u00e4ufiger als \u00e4ltere Altersgruppen. Eine fr\u00fchere Analyse zeigt, dass 28 % der 16\u201324-J\u00e4hrigen Wearables nutzten, verglichen mit 23 % bei den 25\u201354-J\u00e4hrigen, nur 11 % bei den 55\u201364-J\u00e4hrigen und lediglich 5 % bei den 65\u201374-J\u00e4hrigen.<\/p>\n<p>Das verdeutlicht die Kluft \u2013 sowohl hinsichtlich technologischer Affinit\u00e4t als auch digitaler Kompetenzen zwischen den Generationen.<\/p>\n<h3>Gr\u00fcnde f\u00fcr bewussten Verzicht auf IoT-Ger\u00e4te<\/h3>\n<p>Eine bedeutende Zahl von Menschen verwendet bewusst keine vernetzten Ger\u00e4te. Laut Eurostat gab im Jahr 2022 41 % der Personen im Alter von 16 bis 74 Jahren, die nie IoT-Ger\u00e4te nutzten, an, dass sie keinen Bedarf daf\u00fcr sehen. Damit bleibt dies auch 2020 die meistgenannte Begr\u00fcndung \u2013 jedoch mit einem R\u00fcckgang von 2 Prozentpunkten gegen\u00fcber dem Vorjahr. Die danach h\u00e4ufigsten Gr\u00fcnde waren zu hohe Kosten (9%), Datenschutzbedenken (8%) und Sicherheit (7%).<\/p>\n<h3>Ausblick<\/h3>\n<p>Die Nutzung vernetzter Ger\u00e4te wird in Deutschland weiter steigen. Der Trend zu Smart Home, Connected Health und vernetzten Mobilit\u00e4tsl\u00f6sungen er\u00f6ffnet Chancen f\u00fcr Industrie, Start-ups und \u00f6ffentliche Anbieter. F\u00fcr die Politik ist es wichtig, die digitale Infrastruktur weiter auszubauen, Datenschutzaspekte zu ber\u00fccksichtigen und Anreize f\u00fcr Innovationen zu schaffen.<\/p>\n<p>Deutschland steht gut da \u2013 es bleibt mittelfristig spannend, wie das Land im europ\u00e4ischen Vergleich aufholen oder seine Position festigen wird. Die Daten der Eurostat-Studie machen deutlich: Vernetzte Technologien sind in Europa kein Nischenthema mehr, sondern Alltag.<\/p>\n<p>Quelle: <a href=\"https:\/\/ec.europa.eu\/eurostat\/statistics-explained\/index.php?title=Use_of_Internet_of_Things_by_individuals\" target=\"_blank\" rel=\"noopener\">ec.europa.eu\/eurostat\/statistics-explained\/index.php?title=Use_of_Internet_of_Things_by_individuals<\/a><\/p>\n","protected":false},"excerpt":{"rendered":"<p>Vernetzte Ger\u00e4te: Mit einer Nutzungsrate von 69,54\u202f% liegt Deutschland leicht unter dem EU-Durchschnitt von 70,9\u202f%. Damit positioniert sich das Land im oberen Mittelfeld der 27 EU-Mitgliedsstaaten.<\/p>\n","protected":false},"author":2,"featured_media":12739,"comment_status":"open","ping_status":"open","sticky":false,"template":"","format":"standard","meta":{"footnotes":""},"categories":[2360,1973],"tags":[2724],"class_list":["post-12730","post","type-post","status-publish","format-standard","has-post-thumbnail","hentry","category-schlagzeilen","category-studien","tag-studie"],"yoast_head":"<!-- This site is optimized with the Yoast SEO plugin v27.5 - https:\/\/yoast.com\/product\/yoast-seo-wordpress\/ -->\n<title>Vernetzte Ger\u00e4te in der EU: Deutschlands Position im Vergleich - We speak IoT<\/title>\n<meta name=\"description\" content=\"Vernetzte Ger\u00e4te: Mit einer Nutzungsrate von 69,54\u202f% liegt Deutschland leicht unter dem EU-Durchschnitt. Damit positioniert sich das Land im oberen Mittelfeld.\" \/>\n<meta name=\"robots\" content=\"index, follow, max-snippet:-1, max-image-preview:large, max-video-preview:-1\" \/>\n<link rel=\"canonical\" href=\"https:\/\/www.wespeakiot.com\/de\/vernetzte-geraete-in-der-eu-deutschlands-position-im-vergleich\/\" \/>\n<meta property=\"og:locale\" content=\"de_DE\" \/>\n<meta property=\"og:type\" content=\"article\" \/>\n<meta property=\"og:title\" content=\"Vernetzte Ger\u00e4te in der EU: Deutschlands Position im Vergleich - We speak IoT\" \/>\n<meta property=\"og:description\" content=\"Vernetzte Ger\u00e4te: Mit einer Nutzungsrate von 69,54\u202f% liegt Deutschland leicht unter dem EU-Durchschnitt. Damit positioniert sich das Land im oberen Mittelfeld.\" \/>\n<meta property=\"og:url\" content=\"https:\/\/www.wespeakiot.com\/de\/vernetzte-geraete-in-der-eu-deutschlands-position-im-vergleich\/\" \/>\n<meta property=\"og:site_name\" content=\"We speak IoT\" \/>\n<meta property=\"article:published_time\" content=\"2025-09-02T06:04:35+00:00\" \/>\n<meta property=\"article:modified_time\" content=\"2025-09-02T06:05:05+00:00\" \/>\n<meta property=\"og:image\" content=\"https:\/\/www.wespeakiot.com\/wp-content\/uploads\/2025\/09\/assets_task_01k44fwj3xed7brtjkt0cnaazq_1756792635_img_0.webp\" \/>\n\t<meta property=\"og:image:width\" content=\"1536\" \/>\n\t<meta property=\"og:image:height\" content=\"1024\" \/>\n\t<meta property=\"og:image:type\" content=\"image\/webp\" \/>\n<meta name=\"author\" content=\"Dennis Knake\" \/>\n<meta name=\"twitter:card\" content=\"summary_large_image\" \/>\n<meta name=\"twitter:label1\" content=\"Verfasst von\" \/>\n\t<meta name=\"twitter:data1\" content=\"Dennis Knake\" \/>\n\t<meta name=\"twitter:label2\" content=\"Gesch\u00e4tzte Lesezeit\" \/>\n\t<meta name=\"twitter:data2\" content=\"3\u00a0Minuten\" \/>\n<script type=\"application\/ld+json\" class=\"yoast-schema-graph\">{\"@context\":\"https:\\\/\\\/schema.org\",\"@graph\":[{\"@type\":\"NewsArticle\",\"@id\":\"https:\\\/\\\/www.wespeakiot.com\\\/de\\\/vernetzte-geraete-in-der-eu-deutschlands-position-im-vergleich\\\/#article\",\"isPartOf\":{\"@id\":\"https:\\\/\\\/www.wespeakiot.com\\\/de\\\/vernetzte-geraete-in-der-eu-deutschlands-position-im-vergleich\\\/\"},\"author\":{\"name\":\"Dennis Knake\",\"@id\":\"https:\\\/\\\/www.wespeakiot.com\\\/de\\\/#\\\/schema\\\/person\\\/dd04a17adf7d86ba9e96e23b55d929f8\"},\"headline\":\"Vernetzte Ger\u00e4te in der EU: Deutschlands Position im Vergleich\",\"datePublished\":\"2025-09-02T06:04:35+00:00\",\"dateModified\":\"2025-09-02T06:05:05+00:00\",\"mainEntityOfPage\":{\"@id\":\"https:\\\/\\\/www.wespeakiot.com\\\/de\\\/vernetzte-geraete-in-der-eu-deutschlands-position-im-vergleich\\\/\"},\"wordCount\":485,\"commentCount\":0,\"publisher\":{\"@id\":\"https:\\\/\\\/www.wespeakiot.com\\\/de\\\/#organization\"},\"image\":{\"@id\":\"https:\\\/\\\/www.wespeakiot.com\\\/de\\\/vernetzte-geraete-in-der-eu-deutschlands-position-im-vergleich\\\/#primaryimage\"},\"thumbnailUrl\":\"https:\\\/\\\/www.wespeakiot.com\\\/wp-content\\\/uploads\\\/2025\\\/09\\\/assets_task_01k44fwj3xed7brtjkt0cnaazq_1756792635_img_0.webp\",\"keywords\":[\"Studie\"],\"articleSection\":[\"Schlagzeilen\",\"Studien\"],\"inLanguage\":\"de\",\"potentialAction\":[{\"@type\":\"CommentAction\",\"name\":\"Comment\",\"target\":[\"https:\\\/\\\/www.wespeakiot.com\\\/de\\\/vernetzte-geraete-in-der-eu-deutschlands-position-im-vergleich\\\/#respond\"]}]},{\"@type\":\"WebPage\",\"@id\":\"https:\\\/\\\/www.wespeakiot.com\\\/de\\\/vernetzte-geraete-in-der-eu-deutschlands-position-im-vergleich\\\/\",\"url\":\"https:\\\/\\\/www.wespeakiot.com\\\/de\\\/vernetzte-geraete-in-der-eu-deutschlands-position-im-vergleich\\\/\",\"name\":\"Vernetzte Ger\u00e4te in der EU: Deutschlands Position im Vergleich - We speak IoT\",\"isPartOf\":{\"@id\":\"https:\\\/\\\/www.wespeakiot.com\\\/de\\\/#website\"},\"primaryImageOfPage\":{\"@id\":\"https:\\\/\\\/www.wespeakiot.com\\\/de\\\/vernetzte-geraete-in-der-eu-deutschlands-position-im-vergleich\\\/#primaryimage\"},\"image\":{\"@id\":\"https:\\\/\\\/www.wespeakiot.com\\\/de\\\/vernetzte-geraete-in-der-eu-deutschlands-position-im-vergleich\\\/#primaryimage\"},\"thumbnailUrl\":\"https:\\\/\\\/www.wespeakiot.com\\\/wp-content\\\/uploads\\\/2025\\\/09\\\/assets_task_01k44fwj3xed7brtjkt0cnaazq_1756792635_img_0.webp\",\"datePublished\":\"2025-09-02T06:04:35+00:00\",\"dateModified\":\"2025-09-02T06:05:05+00:00\",\"description\":\"Vernetzte Ger\u00e4te: Mit einer Nutzungsrate von 69,54\u202f% liegt Deutschland leicht unter dem EU-Durchschnitt. Damit positioniert sich das Land im oberen Mittelfeld.\",\"breadcrumb\":{\"@id\":\"https:\\\/\\\/www.wespeakiot.com\\\/de\\\/vernetzte-geraete-in-der-eu-deutschlands-position-im-vergleich\\\/#breadcrumb\"},\"inLanguage\":\"de\",\"potentialAction\":[{\"@type\":\"ReadAction\",\"target\":[\"https:\\\/\\\/www.wespeakiot.com\\\/de\\\/vernetzte-geraete-in-der-eu-deutschlands-position-im-vergleich\\\/\"]}]},{\"@type\":\"ImageObject\",\"inLanguage\":\"de\",\"@id\":\"https:\\\/\\\/www.wespeakiot.com\\\/de\\\/vernetzte-geraete-in-der-eu-deutschlands-position-im-vergleich\\\/#primaryimage\",\"url\":\"https:\\\/\\\/www.wespeakiot.com\\\/wp-content\\\/uploads\\\/2025\\\/09\\\/assets_task_01k44fwj3xed7brtjkt0cnaazq_1756792635_img_0.webp\",\"contentUrl\":\"https:\\\/\\\/www.wespeakiot.com\\\/wp-content\\\/uploads\\\/2025\\\/09\\\/assets_task_01k44fwj3xed7brtjkt0cnaazq_1756792635_img_0.webp\",\"width\":1536,\"height\":1024},{\"@type\":\"BreadcrumbList\",\"@id\":\"https:\\\/\\\/www.wespeakiot.com\\\/de\\\/vernetzte-geraete-in-der-eu-deutschlands-position-im-vergleich\\\/#breadcrumb\",\"itemListElement\":[{\"@type\":\"ListItem\",\"position\":1,\"name\":\"Home\",\"item\":\"https:\\\/\\\/www.wespeakiot.com\\\/de\\\/\"},{\"@type\":\"ListItem\",\"position\":2,\"name\":\"Vernetzte Ger\u00e4te in der EU: Deutschlands Position im Vergleich\"}]},{\"@type\":\"WebSite\",\"@id\":\"https:\\\/\\\/www.wespeakiot.com\\\/de\\\/#website\",\"url\":\"https:\\\/\\\/www.wespeakiot.com\\\/de\\\/\",\"name\":\"WeSpeakIoT\",\"description\":\"Inside the Internet of Things\",\"publisher\":{\"@id\":\"https:\\\/\\\/www.wespeakiot.com\\\/de\\\/#organization\"},\"potentialAction\":[{\"@type\":\"SearchAction\",\"target\":{\"@type\":\"EntryPoint\",\"urlTemplate\":\"https:\\\/\\\/www.wespeakiot.com\\\/de\\\/?s={search_term_string}\"},\"query-input\":{\"@type\":\"PropertyValueSpecification\",\"valueRequired\":true,\"valueName\":\"search_term_string\"}}],\"inLanguage\":\"de\"},{\"@type\":\"Organization\",\"@id\":\"https:\\\/\\\/www.wespeakiot.com\\\/de\\\/#organization\",\"name\":\"WeSpeakIoT - Inside the Internet of Things\",\"url\":\"https:\\\/\\\/www.wespeakiot.com\\\/de\\\/\",\"logo\":{\"@type\":\"ImageObject\",\"inLanguage\":\"de\",\"@id\":\"https:\\\/\\\/www.wespeakiot.com\\\/de\\\/#\\\/schema\\\/logo\\\/image\\\/\",\"url\":\"https:\\\/\\\/www.wespeakiot.com\\\/wp-content\\\/uploads\\\/2025\\\/08\\\/wespeakiot-logo-696x696-1.jpg\",\"contentUrl\":\"https:\\\/\\\/www.wespeakiot.com\\\/wp-content\\\/uploads\\\/2025\\\/08\\\/wespeakiot-logo-696x696-1.jpg\",\"width\":696,\"height\":696,\"caption\":\"WeSpeakIoT - Inside the Internet of Things\"},\"image\":{\"@id\":\"https:\\\/\\\/www.wespeakiot.com\\\/de\\\/#\\\/schema\\\/logo\\\/image\\\/\"}},{\"@type\":\"Person\",\"@id\":\"https:\\\/\\\/www.wespeakiot.com\\\/de\\\/#\\\/schema\\\/person\\\/dd04a17adf7d86ba9e96e23b55d929f8\",\"name\":\"Dennis Knake\",\"image\":{\"@type\":\"ImageObject\",\"inLanguage\":\"de\",\"@id\":\"https:\\\/\\\/www.wespeakiot.com\\\/wp-content\\\/uploads\\\/2025\\\/06\\\/1690888686080-100x100.jpeg\",\"url\":\"https:\\\/\\\/www.wespeakiot.com\\\/wp-content\\\/uploads\\\/2025\\\/06\\\/1690888686080-100x100.jpeg\",\"contentUrl\":\"https:\\\/\\\/www.wespeakiot.com\\\/wp-content\\\/uploads\\\/2025\\\/06\\\/1690888686080-100x100.jpeg\",\"caption\":\"Dennis Knake\"},\"description\":\"Dennis Knake is a professional editor with many years of experience in IT and telecommunications communications. For more than two decades, he has been writing about IT, IoT, and the digital transformation of industries. Fascinated by technological innovation, he follows new developments with curiosity \u2013 and a critical eye.\",\"sameAs\":[\"https:\\\/\\\/www.dennis-knake.de\\\/\",\"https:\\\/\\\/www.linkedin.com\\\/in\\\/dennis-knake-a6917484\"],\"url\":\"https:\\\/\\\/www.wespeakiot.com\\\/de\\\/author\\\/dknake\\\/\"}]}<\/script>\n<!-- \/ Yoast SEO plugin. -->","yoast_head_json":{"title":"Vernetzte Ger\u00e4te in der EU: Deutschlands Position im Vergleich - We speak IoT","description":"Vernetzte Ger\u00e4te: Mit einer Nutzungsrate von 69,54\u202f% liegt Deutschland leicht unter dem EU-Durchschnitt. Damit positioniert sich das Land im oberen Mittelfeld.","robots":{"index":"index","follow":"follow","max-snippet":"max-snippet:-1","max-image-preview":"max-image-preview:large","max-video-preview":"max-video-preview:-1"},"canonical":"https:\/\/www.wespeakiot.com\/de\/vernetzte-geraete-in-der-eu-deutschlands-position-im-vergleich\/","og_locale":"de_DE","og_type":"article","og_title":"Vernetzte Ger\u00e4te in der EU: Deutschlands Position im Vergleich - We speak IoT","og_description":"Vernetzte Ger\u00e4te: Mit einer Nutzungsrate von 69,54\u202f% liegt Deutschland leicht unter dem EU-Durchschnitt. Damit positioniert sich das Land im oberen Mittelfeld.","og_url":"https:\/\/www.wespeakiot.com\/de\/vernetzte-geraete-in-der-eu-deutschlands-position-im-vergleich\/","og_site_name":"We speak IoT","article_published_time":"2025-09-02T06:04:35+00:00","article_modified_time":"2025-09-02T06:05:05+00:00","og_image":[{"width":1536,"height":1024,"url":"https:\/\/www.wespeakiot.com\/wp-content\/uploads\/2025\/09\/assets_task_01k44fwj3xed7brtjkt0cnaazq_1756792635_img_0.webp","type":"image\/webp"}],"author":"Dennis Knake","twitter_card":"summary_large_image","twitter_misc":{"Verfasst von":"Dennis Knake","Gesch\u00e4tzte Lesezeit":"3\u00a0Minuten"},"schema":{"@context":"https:\/\/schema.org","@graph":[{"@type":"NewsArticle","@id":"https:\/\/www.wespeakiot.com\/de\/vernetzte-geraete-in-der-eu-deutschlands-position-im-vergleich\/#article","isPartOf":{"@id":"https:\/\/www.wespeakiot.com\/de\/vernetzte-geraete-in-der-eu-deutschlands-position-im-vergleich\/"},"author":{"name":"Dennis Knake","@id":"https:\/\/www.wespeakiot.com\/de\/#\/schema\/person\/dd04a17adf7d86ba9e96e23b55d929f8"},"headline":"Vernetzte Ger\u00e4te in der EU: Deutschlands Position im Vergleich","datePublished":"2025-09-02T06:04:35+00:00","dateModified":"2025-09-02T06:05:05+00:00","mainEntityOfPage":{"@id":"https:\/\/www.wespeakiot.com\/de\/vernetzte-geraete-in-der-eu-deutschlands-position-im-vergleich\/"},"wordCount":485,"commentCount":0,"publisher":{"@id":"https:\/\/www.wespeakiot.com\/de\/#organization"},"image":{"@id":"https:\/\/www.wespeakiot.com\/de\/vernetzte-geraete-in-der-eu-deutschlands-position-im-vergleich\/#primaryimage"},"thumbnailUrl":"https:\/\/www.wespeakiot.com\/wp-content\/uploads\/2025\/09\/assets_task_01k44fwj3xed7brtjkt0cnaazq_1756792635_img_0.webp","keywords":["Studie"],"articleSection":["Schlagzeilen","Studien"],"inLanguage":"de","potentialAction":[{"@type":"CommentAction","name":"Comment","target":["https:\/\/www.wespeakiot.com\/de\/vernetzte-geraete-in-der-eu-deutschlands-position-im-vergleich\/#respond"]}]},{"@type":"WebPage","@id":"https:\/\/www.wespeakiot.com\/de\/vernetzte-geraete-in-der-eu-deutschlands-position-im-vergleich\/","url":"https:\/\/www.wespeakiot.com\/de\/vernetzte-geraete-in-der-eu-deutschlands-position-im-vergleich\/","name":"Vernetzte Ger\u00e4te in der EU: Deutschlands Position im Vergleich - We speak IoT","isPartOf":{"@id":"https:\/\/www.wespeakiot.com\/de\/#website"},"primaryImageOfPage":{"@id":"https:\/\/www.wespeakiot.com\/de\/vernetzte-geraete-in-der-eu-deutschlands-position-im-vergleich\/#primaryimage"},"image":{"@id":"https:\/\/www.wespeakiot.com\/de\/vernetzte-geraete-in-der-eu-deutschlands-position-im-vergleich\/#primaryimage"},"thumbnailUrl":"https:\/\/www.wespeakiot.com\/wp-content\/uploads\/2025\/09\/assets_task_01k44fwj3xed7brtjkt0cnaazq_1756792635_img_0.webp","datePublished":"2025-09-02T06:04:35+00:00","dateModified":"2025-09-02T06:05:05+00:00","description":"Vernetzte Ger\u00e4te: Mit einer Nutzungsrate von 69,54\u202f% liegt Deutschland leicht unter dem EU-Durchschnitt. Damit positioniert sich das Land im oberen Mittelfeld.","breadcrumb":{"@id":"https:\/\/www.wespeakiot.com\/de\/vernetzte-geraete-in-der-eu-deutschlands-position-im-vergleich\/#breadcrumb"},"inLanguage":"de","potentialAction":[{"@type":"ReadAction","target":["https:\/\/www.wespeakiot.com\/de\/vernetzte-geraete-in-der-eu-deutschlands-position-im-vergleich\/"]}]},{"@type":"ImageObject","inLanguage":"de","@id":"https:\/\/www.wespeakiot.com\/de\/vernetzte-geraete-in-der-eu-deutschlands-position-im-vergleich\/#primaryimage","url":"https:\/\/www.wespeakiot.com\/wp-content\/uploads\/2025\/09\/assets_task_01k44fwj3xed7brtjkt0cnaazq_1756792635_img_0.webp","contentUrl":"https:\/\/www.wespeakiot.com\/wp-content\/uploads\/2025\/09\/assets_task_01k44fwj3xed7brtjkt0cnaazq_1756792635_img_0.webp","width":1536,"height":1024},{"@type":"BreadcrumbList","@id":"https:\/\/www.wespeakiot.com\/de\/vernetzte-geraete-in-der-eu-deutschlands-position-im-vergleich\/#breadcrumb","itemListElement":[{"@type":"ListItem","position":1,"name":"Home","item":"https:\/\/www.wespeakiot.com\/de\/"},{"@type":"ListItem","position":2,"name":"Vernetzte Ger\u00e4te in der EU: Deutschlands Position im Vergleich"}]},{"@type":"WebSite","@id":"https:\/\/www.wespeakiot.com\/de\/#website","url":"https:\/\/www.wespeakiot.com\/de\/","name":"WeSpeakIoT","description":"Inside the Internet of Things","publisher":{"@id":"https:\/\/www.wespeakiot.com\/de\/#organization"},"potentialAction":[{"@type":"SearchAction","target":{"@type":"EntryPoint","urlTemplate":"https:\/\/www.wespeakiot.com\/de\/?s={search_term_string}"},"query-input":{"@type":"PropertyValueSpecification","valueRequired":true,"valueName":"search_term_string"}}],"inLanguage":"de"},{"@type":"Organization","@id":"https:\/\/www.wespeakiot.com\/de\/#organization","name":"WeSpeakIoT - Inside the Internet of Things","url":"https:\/\/www.wespeakiot.com\/de\/","logo":{"@type":"ImageObject","inLanguage":"de","@id":"https:\/\/www.wespeakiot.com\/de\/#\/schema\/logo\/image\/","url":"https:\/\/www.wespeakiot.com\/wp-content\/uploads\/2025\/08\/wespeakiot-logo-696x696-1.jpg","contentUrl":"https:\/\/www.wespeakiot.com\/wp-content\/uploads\/2025\/08\/wespeakiot-logo-696x696-1.jpg","width":696,"height":696,"caption":"WeSpeakIoT - Inside the Internet of Things"},"image":{"@id":"https:\/\/www.wespeakiot.com\/de\/#\/schema\/logo\/image\/"}},{"@type":"Person","@id":"https:\/\/www.wespeakiot.com\/de\/#\/schema\/person\/dd04a17adf7d86ba9e96e23b55d929f8","name":"Dennis Knake","image":{"@type":"ImageObject","inLanguage":"de","@id":"https:\/\/www.wespeakiot.com\/wp-content\/uploads\/2025\/06\/1690888686080-100x100.jpeg","url":"https:\/\/www.wespeakiot.com\/wp-content\/uploads\/2025\/06\/1690888686080-100x100.jpeg","contentUrl":"https:\/\/www.wespeakiot.com\/wp-content\/uploads\/2025\/06\/1690888686080-100x100.jpeg","caption":"Dennis Knake"},"description":"Dennis Knake is a professional editor with many years of experience in IT and telecommunications communications. For more than two decades, he has been writing about IT, IoT, and the digital transformation of industries. Fascinated by technological innovation, he follows new developments with curiosity \u2013 and a critical eye.","sameAs":["https:\/\/www.dennis-knake.de\/","https:\/\/www.linkedin.com\/in\/dennis-knake-a6917484"],"url":"https:\/\/www.wespeakiot.com\/de\/author\/dknake\/"}]}},"wp-worthy-pixel":{"ignored":false,"public":null,"server":null,"url":null},"wp-worthy-type":"normal","cc_featured_image_caption":{"caption_text":"Illustratoin: Sora AI","source_text":"","source_url":""},"_links":{"self":[{"href":"https:\/\/www.wespeakiot.com\/de\/wp-json\/wp\/v2\/posts\/12730","targetHints":{"allow":["GET"]}}],"collection":[{"href":"https:\/\/www.wespeakiot.com\/de\/wp-json\/wp\/v2\/posts"}],"about":[{"href":"https:\/\/www.wespeakiot.com\/de\/wp-json\/wp\/v2\/types\/post"}],"author":[{"embeddable":true,"href":"https:\/\/www.wespeakiot.com\/de\/wp-json\/wp\/v2\/users\/2"}],"replies":[{"embeddable":true,"href":"https:\/\/www.wespeakiot.com\/de\/wp-json\/wp\/v2\/comments?post=12730"}],"version-history":[{"count":0,"href":"https:\/\/www.wespeakiot.com\/de\/wp-json\/wp\/v2\/posts\/12730\/revisions"}],"wp:featuredmedia":[{"embeddable":true,"href":"https:\/\/www.wespeakiot.com\/de\/wp-json\/wp\/v2\/media\/12739"}],"wp:attachment":[{"href":"https:\/\/www.wespeakiot.com\/de\/wp-json\/wp\/v2\/media?parent=12730"}],"wp:term":[{"taxonomy":"category","embeddable":true,"href":"https:\/\/www.wespeakiot.com\/de\/wp-json\/wp\/v2\/categories?post=12730"},{"taxonomy":"post_tag","embeddable":true,"href":"https:\/\/www.wespeakiot.com\/de\/wp-json\/wp\/v2\/tags?post=12730"}],"curies":[{"name":"wp","href":"https:\/\/api.w.org\/{rel}","templated":true}]}}