{"id":13174,"date":"2025-10-15T13:54:20","date_gmt":"2025-10-15T11:54:20","guid":{"rendered":"https:\/\/www.wespeakiot.com\/?p=13174"},"modified":"2025-10-26T21:16:13","modified_gmt":"2025-10-26T20:16:13","slug":"serverabschaltungen-wer-sich-auf-die-cloud-verlaesst-ist-verlassen","status":"publish","type":"post","link":"https:\/\/www.wespeakiot.com\/de\/serverabschaltungen-wer-sich-auf-die-cloud-verlaesst-ist-verlassen\/","title":{"rendered":"Serverabschaltungen: Wer sich auf die Cloud verl\u00e4sst, ist verlassen!"},"content":{"rendered":"<p><div class=\"ccfic\"><span class=\"ccfic-text\">Gerade noch ein smartes Homeprodukt, pl\u00f6tzlich f\u00fcr die Tonne. Illustration: Sora AI<\/span><\/div><br \/>\n&nbsp;<\/p>\n<h2>Ein Satz, den sich jeder merken sollte, der glaubt, mit dem Kauf eines \u201esmarten\u201c Ger\u00e4ts etwas Zukunftssicheres zu erwerben. Denn die sch\u00f6ne neue Welt des Internets der Dinge zeigt ihr wahres Gesicht: Wieder einmal ziehen Hersteller ihren Kunden mit fr\u00fchzeitigen Serverabschaltungen den Stecker \u2013 nicht, weil die Ger\u00e4te technisch am Ende w\u00e4ren, sondern weil sich der Weiterbetrieb schlicht nicht mehr rechnet.<\/h2>\n<p>J\u00fcngstes Beispiel: <strong>Bose.<\/strong> Der US-Hersteller beendet am <strong>18. Februar 2026<\/strong> den <a href=\"https:\/\/www.bose.de\/de_de\/landing_pages\/soundtouch-eol.html\" target=\"_blank\" rel=\"noopener\">Support seiner <strong>SoundTouch-Serie<\/strong><\/a> \u2013 Ger\u00e4te, die viele als hochwertige Multiroom-L\u00f6sung gekauft haben. Mit dem Abschalten der Cloud-Server bleiben nur noch rudiment\u00e4re Offline-Funktionen \u00fcbrig. Der Rest? <strong>Elektroschrott.<\/strong> Voll funktionsf\u00e4hige Hardware wird digital entwertet.<\/p>\n<p>Bose steht damit nicht allein. Die Liste der <strong>Cloud-Versager<\/strong> w\u00e4chst unaufhaltsam: <strong>Amazon<\/strong> (Echo Connect, Cloud Cam), <strong>Belkin<\/strong> (Wemo), <strong>Devolo<\/strong> (Home Control), <strong>Vorwerk<\/strong> mit <strong>Neato<\/strong>, <strong>Apple<\/strong> mit dem <strong>HomePod<\/strong>, die <strong>Telekom<\/strong> (Smart Speaker), <strong>Insteon<\/strong> und viele mehr. Das Muster ist immer dasselbe: Erst wird mit \u201esmarten\u201c Features geworben \u2013 App-Steuerung, Automatisierung, Cloud-Intelligenz. Doch sobald der Absatz stockt oder das n\u00e4chste Modell winkt, wird der Server abgeschaltet. Und mit ihm das Produkt.<\/p>\n<p>Die Hersteller reden sich heraus mit \u201estrategischen Neuausrichtungen\u201c oder \u201etechnologischen Entwicklungen\u201c. In Wahrheit ist es pure Gleichg\u00fcltigkeit gegen\u00fcber den eigenen Kunden \u2013 jenen, die an die Versprechen der \u201eConnected Future\u201c geglaubt haben. Wer ein Smart-Home-Ger\u00e4t kauft, erwartet, dass es so lange funktioniert, wie die Hardware h\u00e4lt. Doch die Realit\u00e4t sieht anders aus: Die Lebensdauer h\u00e4ngt nicht vom Ger\u00e4t ab, sondern von einem Cloud-Server, dessen Existenz der Hersteller jederzeit beenden kann.<\/p>\n<h2>Wer &#8222;smart&#8220; kauft, ist schnell der Dumme<\/h2>\n<p>Zur\u00fcck bleibt Frust. Frust \u00fcber ein Gesch\u00e4ftsmodell, das K\u00e4ufer zu <strong>Beta-Testern auf Zeit<\/strong> macht. Frust \u00fcber Konzerne, die Nachhaltigkeit predigen und gleichzeitig funktionierende Ger\u00e4te digital zerst\u00f6ren. Frust \u00fcber die Absurdit\u00e4t, dass in einer Zeit, in der \u201eRecht auf Reparatur\u201c und Ressourcenschonung politisch gefordert werden, Milliardenwerte durch einen simplen Mausklick vernichtet werden.<\/p>\n<p>Es braucht endlich <strong>klare Regeln und offene Standards.<\/strong> Geschlossene Systeme geh\u00f6ren boykottiert. Wenn Hersteller ihre Cloud abschalten, m\u00fcssen sie verpflichtet werden, <strong>Code oder Schnittstellen offenzulegen<\/strong>, damit Nutzer und Entwicklergemeinschaften die Kontrolle \u00fcbernehmen k\u00f6nnen. Projekte wie <strong>Home Assistant<\/strong> oder <strong>Valetudo<\/strong> beweisen, dass lokale Steuerung m\u00f6glich ist \u2013 ganz ohne Cloud-Zwang. Auch die konsequente Unterst\u00fctzung des hersteller\u00fcbergreifenden <strong>Matter-Standards<\/strong> k\u00f6nnte Kunden k\u00fcnftig vor dem Schlimmsten bewahren.<\/p>\n<p><strong>Bis dahin gilt:<\/strong> Wer wirklich ein \u201esmartes\u201c Zuhause will, sollte Ger\u00e4te meiden, die ohne Hersteller-Cloud nicht funktionieren.<\/p>\n<p>Denn wer sich auf die Cloud verl\u00e4sst \u2013 <strong>der ist verlassen.<\/strong><\/p>\n","protected":false},"excerpt":{"rendered":"<p>Ein Satz, den sich jeder merken sollte, der glaubt, mit dem Kauf eines \u201esmarten\u201c Ger\u00e4ts etwas Zukunftssicheres zu erwerben. Denn die sch\u00f6ne neue Welt des Internets der Dinge zeigt ihr wahres Gesicht: Wieder einmal ziehen Hersteller ihren Kunden den Stecker \u2013 nicht, weil die Ger\u00e4te technisch am Ende w\u00e4ren, sondern weil sich ihr Weiterbetrieb schlicht nicht mehr rechnet.<\/p>\n","protected":false},"author":2,"featured_media":13178,"comment_status":"open","ping_status":"open","sticky":false,"template":"","format":"standard","meta":{"footnotes":""},"categories":[9645,9617,1972],"tags":[5530,9554,9838,9837,9821,9780,9840,9826,8463,9819,2926,9839],"class_list":["post-13174","post","type-post","status-publish","format-standard","has-post-thumbnail","hentry","category-editorial","category-internetoftrash-de","category-meinung","tag-amazon","tag-apple","tag-belkin","tag-bose","tag-cloud-de","tag-devolo","tag-insteon","tag-internet-of-trash-de","tag-kommentar","tag-neato","tag-telekom","tag-vorwerk"],"yoast_head":"<!-- This site is optimized with the Yoast SEO plugin v27.4 - https:\/\/yoast.com\/product\/yoast-seo-wordpress\/ -->\n<title>Serverabschaltungen: Wer sich auf die Cloud verl\u00e4sst, ist verlassen! - We speak IoT<\/title>\n<meta name=\"description\" content=\"Meinung: Wer &quot;smart&quot; kauft, ist h\u00e4ufig schnell der Dumme. Warum smarte Ger\u00e4te ohne lokale Steuerung keine Zukunft haben.\" \/>\n<meta name=\"robots\" content=\"index, follow, max-snippet:-1, max-image-preview:large, max-video-preview:-1\" \/>\n<link rel=\"canonical\" href=\"https:\/\/www.wespeakiot.com\/de\/serverabschaltungen-wer-sich-auf-die-cloud-verlaesst-ist-verlassen\/\" \/>\n<meta property=\"og:locale\" content=\"de_DE\" \/>\n<meta property=\"og:type\" content=\"article\" \/>\n<meta property=\"og:title\" content=\"Serverabschaltungen: Wer sich auf die Cloud verl\u00e4sst, ist verlassen! - We speak IoT\" \/>\n<meta property=\"og:description\" content=\"Meinung: Wer &quot;smart&quot; kauft, ist h\u00e4ufig schnell der Dumme. Warum smarte Ger\u00e4te ohne lokale Steuerung keine Zukunft haben.\" \/>\n<meta property=\"og:url\" content=\"https:\/\/www.wespeakiot.com\/de\/serverabschaltungen-wer-sich-auf-die-cloud-verlaesst-ist-verlassen\/\" \/>\n<meta property=\"og:site_name\" content=\"We speak IoT\" \/>\n<meta property=\"article:published_time\" content=\"2025-10-15T11:54:20+00:00\" \/>\n<meta property=\"article:modified_time\" content=\"2025-10-26T20:16:13+00:00\" \/>\n<meta property=\"og:image\" content=\"https:\/\/www.wespeakiot.com\/wp-content\/uploads\/2025\/10\/cloud-elektroschrott.webp\" \/>\n\t<meta property=\"og:image:width\" content=\"1536\" \/>\n\t<meta property=\"og:image:height\" content=\"1024\" \/>\n\t<meta property=\"og:image:type\" content=\"image\/webp\" \/>\n<meta name=\"author\" content=\"Dennis Knake\" \/>\n<meta name=\"twitter:card\" content=\"summary_large_image\" \/>\n<meta name=\"twitter:label1\" content=\"Verfasst von\" \/>\n\t<meta name=\"twitter:data1\" content=\"Dennis Knake\" \/>\n\t<meta name=\"twitter:label2\" content=\"Gesch\u00e4tzte Lesezeit\" \/>\n\t<meta name=\"twitter:data2\" content=\"2\u00a0Minuten\" \/>\n<script type=\"application\/ld+json\" class=\"yoast-schema-graph\">{\"@context\":\"https:\\\/\\\/schema.org\",\"@graph\":[{\"@type\":\"NewsArticle\",\"@id\":\"https:\\\/\\\/www.wespeakiot.com\\\/de\\\/serverabschaltungen-wer-sich-auf-die-cloud-verlaesst-ist-verlassen\\\/#article\",\"isPartOf\":{\"@id\":\"https:\\\/\\\/www.wespeakiot.com\\\/de\\\/serverabschaltungen-wer-sich-auf-die-cloud-verlaesst-ist-verlassen\\\/\"},\"author\":{\"name\":\"Dennis Knake\",\"@id\":\"https:\\\/\\\/www.wespeakiot.com\\\/de\\\/#\\\/schema\\\/person\\\/dd04a17adf7d86ba9e96e23b55d929f8\"},\"headline\":\"Serverabschaltungen: Wer sich auf die Cloud verl\u00e4sst, ist verlassen!\",\"datePublished\":\"2025-10-15T11:54:20+00:00\",\"dateModified\":\"2025-10-26T20:16:13+00:00\",\"mainEntityOfPage\":{\"@id\":\"https:\\\/\\\/www.wespeakiot.com\\\/de\\\/serverabschaltungen-wer-sich-auf-die-cloud-verlaesst-ist-verlassen\\\/\"},\"wordCount\":432,\"commentCount\":0,\"publisher\":{\"@id\":\"https:\\\/\\\/www.wespeakiot.com\\\/de\\\/#organization\"},\"image\":{\"@id\":\"https:\\\/\\\/www.wespeakiot.com\\\/de\\\/serverabschaltungen-wer-sich-auf-die-cloud-verlaesst-ist-verlassen\\\/#primaryimage\"},\"thumbnailUrl\":\"https:\\\/\\\/www.wespeakiot.com\\\/wp-content\\\/uploads\\\/2025\\\/10\\\/cloud-elektroschrott.webp\",\"keywords\":[\"Amazon\",\"Apple\",\"Belkin\",\"Bose\",\"Cloud\",\"Devolo\",\"Insteon\",\"Internet of Trash\",\"Kommentar\",\"Neato\",\"Telekom\",\"Vorwerk\"],\"articleSection\":[\"Editorial\",\"Internet of Trash\",\"Meinung\"],\"inLanguage\":\"de\",\"potentialAction\":[{\"@type\":\"CommentAction\",\"name\":\"Comment\",\"target\":[\"https:\\\/\\\/www.wespeakiot.com\\\/de\\\/serverabschaltungen-wer-sich-auf-die-cloud-verlaesst-ist-verlassen\\\/#respond\"]}]},{\"@type\":\"WebPage\",\"@id\":\"https:\\\/\\\/www.wespeakiot.com\\\/de\\\/serverabschaltungen-wer-sich-auf-die-cloud-verlaesst-ist-verlassen\\\/\",\"url\":\"https:\\\/\\\/www.wespeakiot.com\\\/de\\\/serverabschaltungen-wer-sich-auf-die-cloud-verlaesst-ist-verlassen\\\/\",\"name\":\"Serverabschaltungen: Wer sich auf die Cloud verl\u00e4sst, ist verlassen! - We speak IoT\",\"isPartOf\":{\"@id\":\"https:\\\/\\\/www.wespeakiot.com\\\/de\\\/#website\"},\"primaryImageOfPage\":{\"@id\":\"https:\\\/\\\/www.wespeakiot.com\\\/de\\\/serverabschaltungen-wer-sich-auf-die-cloud-verlaesst-ist-verlassen\\\/#primaryimage\"},\"image\":{\"@id\":\"https:\\\/\\\/www.wespeakiot.com\\\/de\\\/serverabschaltungen-wer-sich-auf-die-cloud-verlaesst-ist-verlassen\\\/#primaryimage\"},\"thumbnailUrl\":\"https:\\\/\\\/www.wespeakiot.com\\\/wp-content\\\/uploads\\\/2025\\\/10\\\/cloud-elektroschrott.webp\",\"datePublished\":\"2025-10-15T11:54:20+00:00\",\"dateModified\":\"2025-10-26T20:16:13+00:00\",\"description\":\"Meinung: Wer \\\"smart\\\" kauft, ist h\u00e4ufig schnell der Dumme. Warum smarte Ger\u00e4te ohne lokale Steuerung keine Zukunft haben.\",\"breadcrumb\":{\"@id\":\"https:\\\/\\\/www.wespeakiot.com\\\/de\\\/serverabschaltungen-wer-sich-auf-die-cloud-verlaesst-ist-verlassen\\\/#breadcrumb\"},\"inLanguage\":\"de\",\"potentialAction\":[{\"@type\":\"ReadAction\",\"target\":[\"https:\\\/\\\/www.wespeakiot.com\\\/de\\\/serverabschaltungen-wer-sich-auf-die-cloud-verlaesst-ist-verlassen\\\/\"]}]},{\"@type\":\"ImageObject\",\"inLanguage\":\"de\",\"@id\":\"https:\\\/\\\/www.wespeakiot.com\\\/de\\\/serverabschaltungen-wer-sich-auf-die-cloud-verlaesst-ist-verlassen\\\/#primaryimage\",\"url\":\"https:\\\/\\\/www.wespeakiot.com\\\/wp-content\\\/uploads\\\/2025\\\/10\\\/cloud-elektroschrott.webp\",\"contentUrl\":\"https:\\\/\\\/www.wespeakiot.com\\\/wp-content\\\/uploads\\\/2025\\\/10\\\/cloud-elektroschrott.webp\",\"width\":1536,\"height\":1024},{\"@type\":\"BreadcrumbList\",\"@id\":\"https:\\\/\\\/www.wespeakiot.com\\\/de\\\/serverabschaltungen-wer-sich-auf-die-cloud-verlaesst-ist-verlassen\\\/#breadcrumb\",\"itemListElement\":[{\"@type\":\"ListItem\",\"position\":1,\"name\":\"Home\",\"item\":\"https:\\\/\\\/www.wespeakiot.com\\\/de\\\/\"},{\"@type\":\"ListItem\",\"position\":2,\"name\":\"Serverabschaltungen: Wer sich auf die Cloud verl\u00e4sst, ist verlassen!\"}]},{\"@type\":\"WebSite\",\"@id\":\"https:\\\/\\\/www.wespeakiot.com\\\/de\\\/#website\",\"url\":\"https:\\\/\\\/www.wespeakiot.com\\\/de\\\/\",\"name\":\"WeSpeakIoT\",\"description\":\"Inside the Internet of Things\",\"publisher\":{\"@id\":\"https:\\\/\\\/www.wespeakiot.com\\\/de\\\/#organization\"},\"potentialAction\":[{\"@type\":\"SearchAction\",\"target\":{\"@type\":\"EntryPoint\",\"urlTemplate\":\"https:\\\/\\\/www.wespeakiot.com\\\/de\\\/?s={search_term_string}\"},\"query-input\":{\"@type\":\"PropertyValueSpecification\",\"valueRequired\":true,\"valueName\":\"search_term_string\"}}],\"inLanguage\":\"de\"},{\"@type\":\"Organization\",\"@id\":\"https:\\\/\\\/www.wespeakiot.com\\\/de\\\/#organization\",\"name\":\"WeSpeakIoT - Inside the Internet of Things\",\"url\":\"https:\\\/\\\/www.wespeakiot.com\\\/de\\\/\",\"logo\":{\"@type\":\"ImageObject\",\"inLanguage\":\"de\",\"@id\":\"https:\\\/\\\/www.wespeakiot.com\\\/de\\\/#\\\/schema\\\/logo\\\/image\\\/\",\"url\":\"https:\\\/\\\/www.wespeakiot.com\\\/wp-content\\\/uploads\\\/2025\\\/08\\\/wespeakiot-logo-696x696-1.jpg\",\"contentUrl\":\"https:\\\/\\\/www.wespeakiot.com\\\/wp-content\\\/uploads\\\/2025\\\/08\\\/wespeakiot-logo-696x696-1.jpg\",\"width\":696,\"height\":696,\"caption\":\"WeSpeakIoT - Inside the Internet of Things\"},\"image\":{\"@id\":\"https:\\\/\\\/www.wespeakiot.com\\\/de\\\/#\\\/schema\\\/logo\\\/image\\\/\"}},{\"@type\":\"Person\",\"@id\":\"https:\\\/\\\/www.wespeakiot.com\\\/de\\\/#\\\/schema\\\/person\\\/dd04a17adf7d86ba9e96e23b55d929f8\",\"name\":\"Dennis Knake\",\"image\":{\"@type\":\"ImageObject\",\"inLanguage\":\"de\",\"@id\":\"https:\\\/\\\/www.wespeakiot.com\\\/wp-content\\\/uploads\\\/2025\\\/06\\\/1690888686080-100x100.jpeg\",\"url\":\"https:\\\/\\\/www.wespeakiot.com\\\/wp-content\\\/uploads\\\/2025\\\/06\\\/1690888686080-100x100.jpeg\",\"contentUrl\":\"https:\\\/\\\/www.wespeakiot.com\\\/wp-content\\\/uploads\\\/2025\\\/06\\\/1690888686080-100x100.jpeg\",\"caption\":\"Dennis Knake\"},\"description\":\"Dennis Knake is a professional editor with many years of experience in IT and telecommunications communications. For more than two decades, he has been writing about IT, IoT, and the digital transformation of industries. Fascinated by technological innovation, he follows new developments with curiosity \u2013 and a critical eye.\",\"sameAs\":[\"https:\\\/\\\/www.dennis-knake.de\\\/\",\"https:\\\/\\\/www.linkedin.com\\\/in\\\/dennis-knake-a6917484\"],\"url\":\"https:\\\/\\\/www.wespeakiot.com\\\/de\\\/author\\\/dknake\\\/\"}]}<\/script>\n<!-- \/ Yoast SEO plugin. -->","yoast_head_json":{"title":"Serverabschaltungen: Wer sich auf die Cloud verl\u00e4sst, ist verlassen! - We speak IoT","description":"Meinung: Wer \"smart\" kauft, ist h\u00e4ufig schnell der Dumme. Warum smarte Ger\u00e4te ohne lokale Steuerung keine Zukunft haben.","robots":{"index":"index","follow":"follow","max-snippet":"max-snippet:-1","max-image-preview":"max-image-preview:large","max-video-preview":"max-video-preview:-1"},"canonical":"https:\/\/www.wespeakiot.com\/de\/serverabschaltungen-wer-sich-auf-die-cloud-verlaesst-ist-verlassen\/","og_locale":"de_DE","og_type":"article","og_title":"Serverabschaltungen: Wer sich auf die Cloud verl\u00e4sst, ist verlassen! - We speak IoT","og_description":"Meinung: Wer \"smart\" kauft, ist h\u00e4ufig schnell der Dumme. Warum smarte Ger\u00e4te ohne lokale Steuerung keine Zukunft haben.","og_url":"https:\/\/www.wespeakiot.com\/de\/serverabschaltungen-wer-sich-auf-die-cloud-verlaesst-ist-verlassen\/","og_site_name":"We speak IoT","article_published_time":"2025-10-15T11:54:20+00:00","article_modified_time":"2025-10-26T20:16:13+00:00","og_image":[{"width":1536,"height":1024,"url":"https:\/\/www.wespeakiot.com\/wp-content\/uploads\/2025\/10\/cloud-elektroschrott.webp","type":"image\/webp"}],"author":"Dennis Knake","twitter_card":"summary_large_image","twitter_misc":{"Verfasst von":"Dennis Knake","Gesch\u00e4tzte Lesezeit":"2\u00a0Minuten"},"schema":{"@context":"https:\/\/schema.org","@graph":[{"@type":"NewsArticle","@id":"https:\/\/www.wespeakiot.com\/de\/serverabschaltungen-wer-sich-auf-die-cloud-verlaesst-ist-verlassen\/#article","isPartOf":{"@id":"https:\/\/www.wespeakiot.com\/de\/serverabschaltungen-wer-sich-auf-die-cloud-verlaesst-ist-verlassen\/"},"author":{"name":"Dennis Knake","@id":"https:\/\/www.wespeakiot.com\/de\/#\/schema\/person\/dd04a17adf7d86ba9e96e23b55d929f8"},"headline":"Serverabschaltungen: Wer sich auf die Cloud verl\u00e4sst, ist verlassen!","datePublished":"2025-10-15T11:54:20+00:00","dateModified":"2025-10-26T20:16:13+00:00","mainEntityOfPage":{"@id":"https:\/\/www.wespeakiot.com\/de\/serverabschaltungen-wer-sich-auf-die-cloud-verlaesst-ist-verlassen\/"},"wordCount":432,"commentCount":0,"publisher":{"@id":"https:\/\/www.wespeakiot.com\/de\/#organization"},"image":{"@id":"https:\/\/www.wespeakiot.com\/de\/serverabschaltungen-wer-sich-auf-die-cloud-verlaesst-ist-verlassen\/#primaryimage"},"thumbnailUrl":"https:\/\/www.wespeakiot.com\/wp-content\/uploads\/2025\/10\/cloud-elektroschrott.webp","keywords":["Amazon","Apple","Belkin","Bose","Cloud","Devolo","Insteon","Internet of Trash","Kommentar","Neato","Telekom","Vorwerk"],"articleSection":["Editorial","Internet of Trash","Meinung"],"inLanguage":"de","potentialAction":[{"@type":"CommentAction","name":"Comment","target":["https:\/\/www.wespeakiot.com\/de\/serverabschaltungen-wer-sich-auf-die-cloud-verlaesst-ist-verlassen\/#respond"]}]},{"@type":"WebPage","@id":"https:\/\/www.wespeakiot.com\/de\/serverabschaltungen-wer-sich-auf-die-cloud-verlaesst-ist-verlassen\/","url":"https:\/\/www.wespeakiot.com\/de\/serverabschaltungen-wer-sich-auf-die-cloud-verlaesst-ist-verlassen\/","name":"Serverabschaltungen: Wer sich auf die Cloud verl\u00e4sst, ist verlassen! - We speak IoT","isPartOf":{"@id":"https:\/\/www.wespeakiot.com\/de\/#website"},"primaryImageOfPage":{"@id":"https:\/\/www.wespeakiot.com\/de\/serverabschaltungen-wer-sich-auf-die-cloud-verlaesst-ist-verlassen\/#primaryimage"},"image":{"@id":"https:\/\/www.wespeakiot.com\/de\/serverabschaltungen-wer-sich-auf-die-cloud-verlaesst-ist-verlassen\/#primaryimage"},"thumbnailUrl":"https:\/\/www.wespeakiot.com\/wp-content\/uploads\/2025\/10\/cloud-elektroschrott.webp","datePublished":"2025-10-15T11:54:20+00:00","dateModified":"2025-10-26T20:16:13+00:00","description":"Meinung: Wer \"smart\" kauft, ist h\u00e4ufig schnell der Dumme. Warum smarte Ger\u00e4te ohne lokale Steuerung keine Zukunft haben.","breadcrumb":{"@id":"https:\/\/www.wespeakiot.com\/de\/serverabschaltungen-wer-sich-auf-die-cloud-verlaesst-ist-verlassen\/#breadcrumb"},"inLanguage":"de","potentialAction":[{"@type":"ReadAction","target":["https:\/\/www.wespeakiot.com\/de\/serverabschaltungen-wer-sich-auf-die-cloud-verlaesst-ist-verlassen\/"]}]},{"@type":"ImageObject","inLanguage":"de","@id":"https:\/\/www.wespeakiot.com\/de\/serverabschaltungen-wer-sich-auf-die-cloud-verlaesst-ist-verlassen\/#primaryimage","url":"https:\/\/www.wespeakiot.com\/wp-content\/uploads\/2025\/10\/cloud-elektroschrott.webp","contentUrl":"https:\/\/www.wespeakiot.com\/wp-content\/uploads\/2025\/10\/cloud-elektroschrott.webp","width":1536,"height":1024},{"@type":"BreadcrumbList","@id":"https:\/\/www.wespeakiot.com\/de\/serverabschaltungen-wer-sich-auf-die-cloud-verlaesst-ist-verlassen\/#breadcrumb","itemListElement":[{"@type":"ListItem","position":1,"name":"Home","item":"https:\/\/www.wespeakiot.com\/de\/"},{"@type":"ListItem","position":2,"name":"Serverabschaltungen: Wer sich auf die Cloud verl\u00e4sst, ist verlassen!"}]},{"@type":"WebSite","@id":"https:\/\/www.wespeakiot.com\/de\/#website","url":"https:\/\/www.wespeakiot.com\/de\/","name":"WeSpeakIoT","description":"Inside the Internet of Things","publisher":{"@id":"https:\/\/www.wespeakiot.com\/de\/#organization"},"potentialAction":[{"@type":"SearchAction","target":{"@type":"EntryPoint","urlTemplate":"https:\/\/www.wespeakiot.com\/de\/?s={search_term_string}"},"query-input":{"@type":"PropertyValueSpecification","valueRequired":true,"valueName":"search_term_string"}}],"inLanguage":"de"},{"@type":"Organization","@id":"https:\/\/www.wespeakiot.com\/de\/#organization","name":"WeSpeakIoT - Inside the Internet of Things","url":"https:\/\/www.wespeakiot.com\/de\/","logo":{"@type":"ImageObject","inLanguage":"de","@id":"https:\/\/www.wespeakiot.com\/de\/#\/schema\/logo\/image\/","url":"https:\/\/www.wespeakiot.com\/wp-content\/uploads\/2025\/08\/wespeakiot-logo-696x696-1.jpg","contentUrl":"https:\/\/www.wespeakiot.com\/wp-content\/uploads\/2025\/08\/wespeakiot-logo-696x696-1.jpg","width":696,"height":696,"caption":"WeSpeakIoT - Inside the Internet of Things"},"image":{"@id":"https:\/\/www.wespeakiot.com\/de\/#\/schema\/logo\/image\/"}},{"@type":"Person","@id":"https:\/\/www.wespeakiot.com\/de\/#\/schema\/person\/dd04a17adf7d86ba9e96e23b55d929f8","name":"Dennis Knake","image":{"@type":"ImageObject","inLanguage":"de","@id":"https:\/\/www.wespeakiot.com\/wp-content\/uploads\/2025\/06\/1690888686080-100x100.jpeg","url":"https:\/\/www.wespeakiot.com\/wp-content\/uploads\/2025\/06\/1690888686080-100x100.jpeg","contentUrl":"https:\/\/www.wespeakiot.com\/wp-content\/uploads\/2025\/06\/1690888686080-100x100.jpeg","caption":"Dennis Knake"},"description":"Dennis Knake is a professional editor with many years of experience in IT and telecommunications communications. For more than two decades, he has been writing about IT, IoT, and the digital transformation of industries. Fascinated by technological innovation, he follows new developments with curiosity \u2013 and a critical eye.","sameAs":["https:\/\/www.dennis-knake.de\/","https:\/\/www.linkedin.com\/in\/dennis-knake-a6917484"],"url":"https:\/\/www.wespeakiot.com\/de\/author\/dknake\/"}]}},"wp-worthy-pixel":{"ignored":false,"public":"6c6a1f28f2854021960be9baa82e3426","server":"vg09.met.vgwort.de","url":"https:\/\/vg09.met.vgwort.de\/na\/6c6a1f28f2854021960be9baa82e3426"},"wp-worthy-type":"normal","cc_featured_image_caption":{"caption_text":"Gerade noch ein smartes Homeprodukt, pl\u00f6tzlich f\u00fcr die Tonne. Illustration: Sora AI","source_text":"","source_url":""},"_links":{"self":[{"href":"https:\/\/www.wespeakiot.com\/de\/wp-json\/wp\/v2\/posts\/13174","targetHints":{"allow":["GET"]}}],"collection":[{"href":"https:\/\/www.wespeakiot.com\/de\/wp-json\/wp\/v2\/posts"}],"about":[{"href":"https:\/\/www.wespeakiot.com\/de\/wp-json\/wp\/v2\/types\/post"}],"author":[{"embeddable":true,"href":"https:\/\/www.wespeakiot.com\/de\/wp-json\/wp\/v2\/users\/2"}],"replies":[{"embeddable":true,"href":"https:\/\/www.wespeakiot.com\/de\/wp-json\/wp\/v2\/comments?post=13174"}],"version-history":[{"count":0,"href":"https:\/\/www.wespeakiot.com\/de\/wp-json\/wp\/v2\/posts\/13174\/revisions"}],"wp:featuredmedia":[{"embeddable":true,"href":"https:\/\/www.wespeakiot.com\/de\/wp-json\/wp\/v2\/media\/13178"}],"wp:attachment":[{"href":"https:\/\/www.wespeakiot.com\/de\/wp-json\/wp\/v2\/media?parent=13174"}],"wp:term":[{"taxonomy":"category","embeddable":true,"href":"https:\/\/www.wespeakiot.com\/de\/wp-json\/wp\/v2\/categories?post=13174"},{"taxonomy":"post_tag","embeddable":true,"href":"https:\/\/www.wespeakiot.com\/de\/wp-json\/wp\/v2\/tags?post=13174"}],"curies":[{"name":"wp","href":"https:\/\/api.w.org\/{rel}","templated":true}]}}