{"id":6301,"date":"2018-03-02T14:39:31","date_gmt":"2018-03-02T13:39:31","guid":{"rendered":"https:\/\/www.wespeakiot.com\/?p=6301"},"modified":"2025-07-31T14:46:55","modified_gmt":"2025-07-31T12:46:55","slug":"daten-flatrate-fuer-das-internet-der-dinge","status":"publish","type":"post","link":"https:\/\/www.wespeakiot.com\/de\/daten-flatrate-fuer-das-internet-der-dinge\/","title":{"rendered":"Daten-Flatrate f\u00fcr das Internet der Dinge"},"content":{"rendered":"<div class=\"ccfic\"><span class=\"ccfic-text\">Bild: 1NCE\/DTAG<\/span> <span class=\"ccfic-source\"><a href=\"https:\/\/1nce.com\/\" target=\"_blank\">IoT-Datenflatrate der Telekom und 1NCE<\/a><\/span><\/div>\n<h2>Im Rahmen des <a href=\"https:\/\/www.wespeakiot.com\/iot-mobile-world-congress-2018\/\" target=\"_blank\" rel=\"noopener\">Mobile World Congress 2018<\/a> in Barcelona pr\u00e4sentiert die <a href=\"https:\/\/www.telekom.com\/de\/konzern\/themenspecials\/mwc-2018\" target=\"_blank\" rel=\"noopener\">Deutsche Telekom<\/a> in Partnerschaft mit dem K\u00f6lner Mobilfunkprovider <a href=\"https:\/\/1nce.com\/\" target=\"_blank\" rel=\"noopener\">1NCE<\/a> das erste Angebot einer Daten-Flatrate f\u00fcr vernetzte IoT-Ger\u00e4te.<\/h2>\n<p>Alexander P. Sator, Gr\u00fcnder und CEO von 1NCE im Interview dazu: &#8222;<em>Mit diesem Tarif werden wir es unseren Kunden so einfach wie m\u00f6glich machen, schnelle neue IoT-L\u00f6sungen zu realisieren. Das bedeutet, keine monatlichen Abrechnungen, keine Zusatzgeb\u00fchren, kein Tarif-Dschungel.<\/em>&#8220;<\/p>\n<p>1NCE besch\u00e4ftigt sich &#8211; unter Beteiligung der Deutsche Telekom &#8211; mit der Entwicklung, Herstellung und dem Vertrieb von mobilfunkbasierten Datenverarbeitungsl\u00f6sungen und Telekommunikations-dienstleistungen im Mobilfunkbereich. Dazu nutzen sie die Netzkapazit\u00e4ten der Telekom und deren <a href=\"https:\/\/www.telekom.com\/de\/medien\/medieninformationen\/detail\/neues-iot-netz-512406\" target=\"_blank\" rel=\"noopener\">NarrowBand<\/a> IoT-Technologie; vorgestellt und eingef\u00fchrt auf dem Mobile World Congress 2017.<\/p>\n<p>Aufgrund des niedrigen Energieverbrauchs bei der Nutzung des NB-Verfahrens sind besonders vom Stromnetz unabh\u00e4ngige, batterie- oder solarbetriebene Ger\u00e4te und Sensoren, die auf diesem Weg kommunizieren, \u00fcber viele Jahre quasi wartungsfrei nutzbar &#8211; die hohe Geb\u00e4udedurchdringung des Signals erm\u00f6glicht den Einsatz entsprechend ausger\u00fcsteter IoT-Ger\u00e4te auch an schwer zug\u00e4nglichen oder abgelegenen Stellen; Netzabdeckung vorausgesetzt. Besonders das Potential der Skalierbarkeit unz\u00e4hliger Ger\u00e4te innerhalb eines Systems d\u00fcrfte hierbei f\u00fcr viele potentielle Interessenten reizvoll sein. Auch die Sicherheit des Verfahrens ist durch Ende-zu-Ende Verschl\u00fcsselung gegeben.<\/p>\n<p>Kunden f\u00fcr das Daten-Flatrate Angebot sehen die Anbieter zun\u00e4chst in der Energiebranche, den Bereichen Transport und Logistik sowie im Umfeld von Smart Cities bei \u00f6ffentlichen Auftraggebern. Aber auch f\u00fcr kleinere Betriebe, StartUps und Privatkunden bieten sich zahlreiche interessante Anwendungsm\u00f6glichkeiten. Etwa bei der \u00dcberwachung landwirtschaftlichen Ger\u00e4tes, der von Leasingfahrzeugen oder gar Fahrr\u00e4dern.<\/p>\n<p>Genutzt wird NB-IoT derzeit in acht L\u00e4ndern, neben Deutschland und \u00d6sterreich auch in den Niederlanden, in Griechenland, Ungarn, Polen, der Slowakei und Kroatien.<\/p>\n<p>&#8222;<em>Die Telekom als Vorreiter in Sachen NB-IoT treibt den Ausbau des Netzes effektiv voran. Wir erhoffen uns durch die enge Kooperation ein schnelleres Wachstum im europ\u00e4ischen IoT-Markt.<\/em>&#8220; &#8211; , Alexander P. Sator, 1NCE.<\/p>\n<h3>10 Euro &#8211; 10 Jahre &#8211; 500MB<\/h3>\n<p>Das neue Angebot bietet \u00fcberschaubare Konditionen &#8211; und deren Vorteile liegen auf der Hand: Kunden zahlen einmalig zehn Euro. Sie bekommen daf\u00fcr eine bis zu zehn Jahre lang g\u00fcltige Daten-Flatrate mit einem Volumen von bis zu 500 Megabyte. Die anfallenden Kosten einer einmaligen Pauschale k\u00f6nnen dabei weit besser kalkuliert werden, als monatliche Abrechnungen wechselnder Kleinstbetr\u00e4ge, die je nach verbrauchtem bzw. tats\u00e4chlich angefallenen Datenvolumen verbucht werden m\u00fcssten.<\/p>\n<p>&nbsp;<\/p>\n","protected":false},"excerpt":{"rendered":"<p>Im Rahmen des Mobile World Congress 2018 in Barcelona pr\u00e4sentiert die Deutsche Telekom in Partnerschaft mit dem K\u00f6lner Mobilfunkprovider 1NCE das erste Angebot einer Daten-Flatrate f\u00fcr vernetzte IoT-Ger\u00e4te. Alexander P. Sator, Gr\u00fcnder und CEO von 1NCE im Interview dazu: &#8222;Mit [&hellip;]<\/p>\n","protected":false},"author":24,"featured_media":6305,"comment_status":"open","ping_status":"open","sticky":false,"template":"","format":"standard","meta":{"footnotes":""},"categories":[1970],"tags":[2927,6239,2925,2926],"class_list":["post-6301","post","type-post","status-publish","format-standard","has-post-thumbnail","hentry","category-standardisierung","tag-1nce","tag-iot-de","tag-nb-iot","tag-telekom"],"yoast_head":"<!-- This site is optimized with the Yoast SEO plugin v27.5 - https:\/\/yoast.com\/product\/yoast-seo-wordpress\/ -->\n<title>Daten-Flatrate f\u00fcr das Internet der Dinge - We speak IoT<\/title>\n<meta name=\"description\" content=\"Im Rahmen des Mobile World Congress 2018 in N\u00fcrnberg pr\u00e4sentiert die Deutsche Telekom in Partnerschaft mit dem K\u00f6lner Mobilfunkprovider 1NCE das erste Angebot einer Daten-Flatrate f\u00fcr vernetzte IoT-Ger\u00e4te. 10 Euro - 10 Jahre - 500MB.\" \/>\n<meta name=\"robots\" content=\"index, follow, max-snippet:-1, max-image-preview:large, max-video-preview:-1\" \/>\n<link rel=\"canonical\" href=\"https:\/\/www.wespeakiot.com\/de\/daten-flatrate-fuer-das-internet-der-dinge\/\" \/>\n<meta property=\"og:locale\" content=\"de_DE\" \/>\n<meta property=\"og:type\" content=\"article\" \/>\n<meta property=\"og:title\" content=\"Daten-Flatrate f\u00fcr das Internet der Dinge - We speak IoT\" \/>\n<meta property=\"og:description\" content=\"Im Rahmen des Mobile World Congress 2018 in N\u00fcrnberg pr\u00e4sentiert die Deutsche Telekom in Partnerschaft mit dem K\u00f6lner Mobilfunkprovider 1NCE das erste Angebot einer Daten-Flatrate f\u00fcr vernetzte IoT-Ger\u00e4te. 10 Euro - 10 Jahre - 500MB.\" \/>\n<meta property=\"og:url\" content=\"https:\/\/www.wespeakiot.com\/de\/daten-flatrate-fuer-das-internet-der-dinge\/\" \/>\n<meta property=\"og:site_name\" content=\"We speak IoT\" \/>\n<meta property=\"article:published_time\" content=\"2018-03-02T13:39:31+00:00\" \/>\n<meta property=\"article:modified_time\" content=\"2025-07-31T12:46:55+00:00\" \/>\n<meta property=\"og:image\" content=\"https:\/\/www.wespeakiot.com\/wp-content\/uploads\/2018\/03\/IoT-Flat2.jpg\" \/>\n\t<meta property=\"og:image:width\" content=\"960\" \/>\n\t<meta property=\"og:image:height\" content=\"639\" \/>\n\t<meta property=\"og:image:type\" content=\"image\/jpeg\" \/>\n<meta name=\"author\" content=\"Editorial Staff\" \/>\n<meta name=\"twitter:card\" content=\"summary_large_image\" \/>\n<meta name=\"twitter:label1\" content=\"Verfasst von\" \/>\n\t<meta name=\"twitter:data1\" content=\"Editorial Staff\" \/>\n\t<meta name=\"twitter:label2\" content=\"Gesch\u00e4tzte Lesezeit\" \/>\n\t<meta name=\"twitter:data2\" content=\"2\u00a0Minuten\" \/>\n<script type=\"application\/ld+json\" class=\"yoast-schema-graph\">{\"@context\":\"https:\\\/\\\/schema.org\",\"@graph\":[{\"@type\":\"NewsArticle\",\"@id\":\"https:\\\/\\\/www.wespeakiot.com\\\/de\\\/daten-flatrate-fuer-das-internet-der-dinge\\\/#article\",\"isPartOf\":{\"@id\":\"https:\\\/\\\/www.wespeakiot.com\\\/de\\\/daten-flatrate-fuer-das-internet-der-dinge\\\/\"},\"author\":{\"name\":\"Editorial Staff\",\"@id\":\"https:\\\/\\\/www.wespeakiot.com\\\/de\\\/#\\\/schema\\\/person\\\/f7fc26ad99702ff175fe7dc16d590925\"},\"headline\":\"Daten-Flatrate f\u00fcr das Internet der Dinge\",\"datePublished\":\"2018-03-02T13:39:31+00:00\",\"dateModified\":\"2025-07-31T12:46:55+00:00\",\"mainEntityOfPage\":{\"@id\":\"https:\\\/\\\/www.wespeakiot.com\\\/de\\\/daten-flatrate-fuer-das-internet-der-dinge\\\/\"},\"wordCount\":411,\"commentCount\":2,\"publisher\":{\"@id\":\"https:\\\/\\\/www.wespeakiot.com\\\/de\\\/#organization\"},\"image\":{\"@id\":\"https:\\\/\\\/www.wespeakiot.com\\\/de\\\/daten-flatrate-fuer-das-internet-der-dinge\\\/#primaryimage\"},\"thumbnailUrl\":\"https:\\\/\\\/www.wespeakiot.com\\\/wp-content\\\/uploads\\\/2018\\\/03\\\/IoT-Flat2.jpg\",\"keywords\":[\"1NCE\",\"IoT\",\"NB-IoT\",\"Telekom\"],\"articleSection\":[\"Standardisierung\"],\"inLanguage\":\"de\",\"potentialAction\":[{\"@type\":\"CommentAction\",\"name\":\"Comment\",\"target\":[\"https:\\\/\\\/www.wespeakiot.com\\\/de\\\/daten-flatrate-fuer-das-internet-der-dinge\\\/#respond\"]}]},{\"@type\":\"WebPage\",\"@id\":\"https:\\\/\\\/www.wespeakiot.com\\\/de\\\/daten-flatrate-fuer-das-internet-der-dinge\\\/\",\"url\":\"https:\\\/\\\/www.wespeakiot.com\\\/de\\\/daten-flatrate-fuer-das-internet-der-dinge\\\/\",\"name\":\"Daten-Flatrate f\u00fcr das Internet der Dinge - We speak IoT\",\"isPartOf\":{\"@id\":\"https:\\\/\\\/www.wespeakiot.com\\\/de\\\/#website\"},\"primaryImageOfPage\":{\"@id\":\"https:\\\/\\\/www.wespeakiot.com\\\/de\\\/daten-flatrate-fuer-das-internet-der-dinge\\\/#primaryimage\"},\"image\":{\"@id\":\"https:\\\/\\\/www.wespeakiot.com\\\/de\\\/daten-flatrate-fuer-das-internet-der-dinge\\\/#primaryimage\"},\"thumbnailUrl\":\"https:\\\/\\\/www.wespeakiot.com\\\/wp-content\\\/uploads\\\/2018\\\/03\\\/IoT-Flat2.jpg\",\"datePublished\":\"2018-03-02T13:39:31+00:00\",\"dateModified\":\"2025-07-31T12:46:55+00:00\",\"description\":\"Im Rahmen des Mobile World Congress 2018 in N\u00fcrnberg pr\u00e4sentiert die Deutsche Telekom in Partnerschaft mit dem K\u00f6lner Mobilfunkprovider 1NCE das erste Angebot einer Daten-Flatrate f\u00fcr vernetzte IoT-Ger\u00e4te. 10 Euro - 10 Jahre - 500MB.\",\"breadcrumb\":{\"@id\":\"https:\\\/\\\/www.wespeakiot.com\\\/de\\\/daten-flatrate-fuer-das-internet-der-dinge\\\/#breadcrumb\"},\"inLanguage\":\"de\",\"potentialAction\":[{\"@type\":\"ReadAction\",\"target\":[\"https:\\\/\\\/www.wespeakiot.com\\\/de\\\/daten-flatrate-fuer-das-internet-der-dinge\\\/\"]}]},{\"@type\":\"ImageObject\",\"inLanguage\":\"de\",\"@id\":\"https:\\\/\\\/www.wespeakiot.com\\\/de\\\/daten-flatrate-fuer-das-internet-der-dinge\\\/#primaryimage\",\"url\":\"https:\\\/\\\/www.wespeakiot.com\\\/wp-content\\\/uploads\\\/2018\\\/03\\\/IoT-Flat2.jpg\",\"contentUrl\":\"https:\\\/\\\/www.wespeakiot.com\\\/wp-content\\\/uploads\\\/2018\\\/03\\\/IoT-Flat2.jpg\",\"width\":960,\"height\":639,\"caption\":\"IoT Daten-Flatrate\"},{\"@type\":\"BreadcrumbList\",\"@id\":\"https:\\\/\\\/www.wespeakiot.com\\\/de\\\/daten-flatrate-fuer-das-internet-der-dinge\\\/#breadcrumb\",\"itemListElement\":[{\"@type\":\"ListItem\",\"position\":1,\"name\":\"Home\",\"item\":\"https:\\\/\\\/www.wespeakiot.com\\\/de\\\/\"},{\"@type\":\"ListItem\",\"position\":2,\"name\":\"Daten-Flatrate f\u00fcr das Internet der Dinge\"}]},{\"@type\":\"WebSite\",\"@id\":\"https:\\\/\\\/www.wespeakiot.com\\\/de\\\/#website\",\"url\":\"https:\\\/\\\/www.wespeakiot.com\\\/de\\\/\",\"name\":\"WeSpeakIoT\",\"description\":\"Inside the Internet of Things\",\"publisher\":{\"@id\":\"https:\\\/\\\/www.wespeakiot.com\\\/de\\\/#organization\"},\"potentialAction\":[{\"@type\":\"SearchAction\",\"target\":{\"@type\":\"EntryPoint\",\"urlTemplate\":\"https:\\\/\\\/www.wespeakiot.com\\\/de\\\/?s={search_term_string}\"},\"query-input\":{\"@type\":\"PropertyValueSpecification\",\"valueRequired\":true,\"valueName\":\"search_term_string\"}}],\"inLanguage\":\"de\"},{\"@type\":\"Organization\",\"@id\":\"https:\\\/\\\/www.wespeakiot.com\\\/de\\\/#organization\",\"name\":\"WeSpeakIoT - Inside the Internet of Things\",\"url\":\"https:\\\/\\\/www.wespeakiot.com\\\/de\\\/\",\"logo\":{\"@type\":\"ImageObject\",\"inLanguage\":\"de\",\"@id\":\"https:\\\/\\\/www.wespeakiot.com\\\/de\\\/#\\\/schema\\\/logo\\\/image\\\/\",\"url\":\"https:\\\/\\\/www.wespeakiot.com\\\/wp-content\\\/uploads\\\/2025\\\/08\\\/wespeakiot-logo-696x696-1.jpg\",\"contentUrl\":\"https:\\\/\\\/www.wespeakiot.com\\\/wp-content\\\/uploads\\\/2025\\\/08\\\/wespeakiot-logo-696x696-1.jpg\",\"width\":696,\"height\":696,\"caption\":\"WeSpeakIoT - Inside the Internet of Things\"},\"image\":{\"@id\":\"https:\\\/\\\/www.wespeakiot.com\\\/de\\\/#\\\/schema\\\/logo\\\/image\\\/\"}},{\"@type\":\"Person\",\"@id\":\"https:\\\/\\\/www.wespeakiot.com\\\/de\\\/#\\\/schema\\\/person\\\/f7fc26ad99702ff175fe7dc16d590925\",\"name\":\"Editorial Staff\",\"image\":{\"@type\":\"ImageObject\",\"inLanguage\":\"de\",\"@id\":\"https:\\\/\\\/www.wespeakiot.com\\\/wp-content\\\/uploads\\\/2017\\\/07\\\/wsi_logo_black-100x100.jpg\",\"url\":\"https:\\\/\\\/www.wespeakiot.com\\\/wp-content\\\/uploads\\\/2017\\\/07\\\/wsi_logo_black-100x100.jpg\",\"contentUrl\":\"https:\\\/\\\/www.wespeakiot.com\\\/wp-content\\\/uploads\\\/2017\\\/07\\\/wsi_logo_black-100x100.jpg\",\"caption\":\"Editorial Staff\"},\"url\":\"https:\\\/\\\/www.wespeakiot.com\\\/de\\\/author\\\/estaff\\\/\"}]}<\/script>\n<!-- \/ Yoast SEO plugin. -->","yoast_head_json":{"title":"Daten-Flatrate f\u00fcr das Internet der Dinge - We speak IoT","description":"Im Rahmen des Mobile World Congress 2018 in N\u00fcrnberg pr\u00e4sentiert die Deutsche Telekom in Partnerschaft mit dem K\u00f6lner Mobilfunkprovider 1NCE das erste Angebot einer Daten-Flatrate f\u00fcr vernetzte IoT-Ger\u00e4te. 10 Euro - 10 Jahre - 500MB.","robots":{"index":"index","follow":"follow","max-snippet":"max-snippet:-1","max-image-preview":"max-image-preview:large","max-video-preview":"max-video-preview:-1"},"canonical":"https:\/\/www.wespeakiot.com\/de\/daten-flatrate-fuer-das-internet-der-dinge\/","og_locale":"de_DE","og_type":"article","og_title":"Daten-Flatrate f\u00fcr das Internet der Dinge - We speak IoT","og_description":"Im Rahmen des Mobile World Congress 2018 in N\u00fcrnberg pr\u00e4sentiert die Deutsche Telekom in Partnerschaft mit dem K\u00f6lner Mobilfunkprovider 1NCE das erste Angebot einer Daten-Flatrate f\u00fcr vernetzte IoT-Ger\u00e4te. 10 Euro - 10 Jahre - 500MB.","og_url":"https:\/\/www.wespeakiot.com\/de\/daten-flatrate-fuer-das-internet-der-dinge\/","og_site_name":"We speak IoT","article_published_time":"2018-03-02T13:39:31+00:00","article_modified_time":"2025-07-31T12:46:55+00:00","og_image":[{"width":960,"height":639,"url":"https:\/\/www.wespeakiot.com\/wp-content\/uploads\/2018\/03\/IoT-Flat2.jpg","type":"image\/jpeg"}],"author":"Editorial Staff","twitter_card":"summary_large_image","twitter_misc":{"Verfasst von":"Editorial Staff","Gesch\u00e4tzte Lesezeit":"2\u00a0Minuten"},"schema":{"@context":"https:\/\/schema.org","@graph":[{"@type":"NewsArticle","@id":"https:\/\/www.wespeakiot.com\/de\/daten-flatrate-fuer-das-internet-der-dinge\/#article","isPartOf":{"@id":"https:\/\/www.wespeakiot.com\/de\/daten-flatrate-fuer-das-internet-der-dinge\/"},"author":{"name":"Editorial Staff","@id":"https:\/\/www.wespeakiot.com\/de\/#\/schema\/person\/f7fc26ad99702ff175fe7dc16d590925"},"headline":"Daten-Flatrate f\u00fcr das Internet der Dinge","datePublished":"2018-03-02T13:39:31+00:00","dateModified":"2025-07-31T12:46:55+00:00","mainEntityOfPage":{"@id":"https:\/\/www.wespeakiot.com\/de\/daten-flatrate-fuer-das-internet-der-dinge\/"},"wordCount":411,"commentCount":2,"publisher":{"@id":"https:\/\/www.wespeakiot.com\/de\/#organization"},"image":{"@id":"https:\/\/www.wespeakiot.com\/de\/daten-flatrate-fuer-das-internet-der-dinge\/#primaryimage"},"thumbnailUrl":"https:\/\/www.wespeakiot.com\/wp-content\/uploads\/2018\/03\/IoT-Flat2.jpg","keywords":["1NCE","IoT","NB-IoT","Telekom"],"articleSection":["Standardisierung"],"inLanguage":"de","potentialAction":[{"@type":"CommentAction","name":"Comment","target":["https:\/\/www.wespeakiot.com\/de\/daten-flatrate-fuer-das-internet-der-dinge\/#respond"]}]},{"@type":"WebPage","@id":"https:\/\/www.wespeakiot.com\/de\/daten-flatrate-fuer-das-internet-der-dinge\/","url":"https:\/\/www.wespeakiot.com\/de\/daten-flatrate-fuer-das-internet-der-dinge\/","name":"Daten-Flatrate f\u00fcr das Internet der Dinge - We speak IoT","isPartOf":{"@id":"https:\/\/www.wespeakiot.com\/de\/#website"},"primaryImageOfPage":{"@id":"https:\/\/www.wespeakiot.com\/de\/daten-flatrate-fuer-das-internet-der-dinge\/#primaryimage"},"image":{"@id":"https:\/\/www.wespeakiot.com\/de\/daten-flatrate-fuer-das-internet-der-dinge\/#primaryimage"},"thumbnailUrl":"https:\/\/www.wespeakiot.com\/wp-content\/uploads\/2018\/03\/IoT-Flat2.jpg","datePublished":"2018-03-02T13:39:31+00:00","dateModified":"2025-07-31T12:46:55+00:00","description":"Im Rahmen des Mobile World Congress 2018 in N\u00fcrnberg pr\u00e4sentiert die Deutsche Telekom in Partnerschaft mit dem K\u00f6lner Mobilfunkprovider 1NCE das erste Angebot einer Daten-Flatrate f\u00fcr vernetzte IoT-Ger\u00e4te. 10 Euro - 10 Jahre - 500MB.","breadcrumb":{"@id":"https:\/\/www.wespeakiot.com\/de\/daten-flatrate-fuer-das-internet-der-dinge\/#breadcrumb"},"inLanguage":"de","potentialAction":[{"@type":"ReadAction","target":["https:\/\/www.wespeakiot.com\/de\/daten-flatrate-fuer-das-internet-der-dinge\/"]}]},{"@type":"ImageObject","inLanguage":"de","@id":"https:\/\/www.wespeakiot.com\/de\/daten-flatrate-fuer-das-internet-der-dinge\/#primaryimage","url":"https:\/\/www.wespeakiot.com\/wp-content\/uploads\/2018\/03\/IoT-Flat2.jpg","contentUrl":"https:\/\/www.wespeakiot.com\/wp-content\/uploads\/2018\/03\/IoT-Flat2.jpg","width":960,"height":639,"caption":"IoT Daten-Flatrate"},{"@type":"BreadcrumbList","@id":"https:\/\/www.wespeakiot.com\/de\/daten-flatrate-fuer-das-internet-der-dinge\/#breadcrumb","itemListElement":[{"@type":"ListItem","position":1,"name":"Home","item":"https:\/\/www.wespeakiot.com\/de\/"},{"@type":"ListItem","position":2,"name":"Daten-Flatrate f\u00fcr das Internet der Dinge"}]},{"@type":"WebSite","@id":"https:\/\/www.wespeakiot.com\/de\/#website","url":"https:\/\/www.wespeakiot.com\/de\/","name":"WeSpeakIoT","description":"Inside the Internet of Things","publisher":{"@id":"https:\/\/www.wespeakiot.com\/de\/#organization"},"potentialAction":[{"@type":"SearchAction","target":{"@type":"EntryPoint","urlTemplate":"https:\/\/www.wespeakiot.com\/de\/?s={search_term_string}"},"query-input":{"@type":"PropertyValueSpecification","valueRequired":true,"valueName":"search_term_string"}}],"inLanguage":"de"},{"@type":"Organization","@id":"https:\/\/www.wespeakiot.com\/de\/#organization","name":"WeSpeakIoT - Inside the Internet of Things","url":"https:\/\/www.wespeakiot.com\/de\/","logo":{"@type":"ImageObject","inLanguage":"de","@id":"https:\/\/www.wespeakiot.com\/de\/#\/schema\/logo\/image\/","url":"https:\/\/www.wespeakiot.com\/wp-content\/uploads\/2025\/08\/wespeakiot-logo-696x696-1.jpg","contentUrl":"https:\/\/www.wespeakiot.com\/wp-content\/uploads\/2025\/08\/wespeakiot-logo-696x696-1.jpg","width":696,"height":696,"caption":"WeSpeakIoT - Inside the Internet of Things"},"image":{"@id":"https:\/\/www.wespeakiot.com\/de\/#\/schema\/logo\/image\/"}},{"@type":"Person","@id":"https:\/\/www.wespeakiot.com\/de\/#\/schema\/person\/f7fc26ad99702ff175fe7dc16d590925","name":"Editorial Staff","image":{"@type":"ImageObject","inLanguage":"de","@id":"https:\/\/www.wespeakiot.com\/wp-content\/uploads\/2017\/07\/wsi_logo_black-100x100.jpg","url":"https:\/\/www.wespeakiot.com\/wp-content\/uploads\/2017\/07\/wsi_logo_black-100x100.jpg","contentUrl":"https:\/\/www.wespeakiot.com\/wp-content\/uploads\/2017\/07\/wsi_logo_black-100x100.jpg","caption":"Editorial Staff"},"url":"https:\/\/www.wespeakiot.com\/de\/author\/estaff\/"}]}},"wp-worthy-pixel":{"ignored":false,"public":null,"server":null,"url":null},"wp-worthy-type":"normal","cc_featured_image_caption":{"caption_text":"Bild: 1NCE\/DTAG","source_text":"IoT-Datenflatrate der Telekom und 1NCE","source_url":"https:\/\/1nce.com\/"},"_links":{"self":[{"href":"https:\/\/www.wespeakiot.com\/de\/wp-json\/wp\/v2\/posts\/6301","targetHints":{"allow":["GET"]}}],"collection":[{"href":"https:\/\/www.wespeakiot.com\/de\/wp-json\/wp\/v2\/posts"}],"about":[{"href":"https:\/\/www.wespeakiot.com\/de\/wp-json\/wp\/v2\/types\/post"}],"author":[{"embeddable":true,"href":"https:\/\/www.wespeakiot.com\/de\/wp-json\/wp\/v2\/users\/24"}],"replies":[{"embeddable":true,"href":"https:\/\/www.wespeakiot.com\/de\/wp-json\/wp\/v2\/comments?post=6301"}],"version-history":[{"count":0,"href":"https:\/\/www.wespeakiot.com\/de\/wp-json\/wp\/v2\/posts\/6301\/revisions"}],"wp:featuredmedia":[{"embeddable":true,"href":"https:\/\/www.wespeakiot.com\/de\/wp-json\/wp\/v2\/media\/6305"}],"wp:attachment":[{"href":"https:\/\/www.wespeakiot.com\/de\/wp-json\/wp\/v2\/media?parent=6301"}],"wp:term":[{"taxonomy":"category","embeddable":true,"href":"https:\/\/www.wespeakiot.com\/de\/wp-json\/wp\/v2\/categories?post=6301"},{"taxonomy":"post_tag","embeddable":true,"href":"https:\/\/www.wespeakiot.com\/de\/wp-json\/wp\/v2\/tags?post=6301"}],"curies":[{"name":"wp","href":"https:\/\/api.w.org\/{rel}","templated":true}]}}