{"id":6725,"date":"2018-04-03T11:51:13","date_gmt":"2018-04-03T09:51:13","guid":{"rendered":"https:\/\/www.wespeakiot.com\/?p=6725"},"modified":"2018-04-03T11:55:29","modified_gmt":"2018-04-03T09:55:29","slug":"ecall-kuenftig-nur-noch-mit-big-brother-auf-achse","status":"publish","type":"post","link":"https:\/\/www.wespeakiot.com\/de\/ecall-kuenftig-nur-noch-mit-big-brother-auf-achse\/","title":{"rendered":"eCall: Mit &#8222;Big Brother&#8220; auf Achse?"},"content":{"rendered":"<div class=\"ccfic\"><span class=\"ccfic-text\">Grafik: ADAC Infogram<\/span> <span class=\"ccfic-source\"><a href=\"https:\/\/www.adac.de\/\" target=\"_blank\">eCall - Emergency Call<\/a><\/span><\/div>\n<h2>Der 2015 vom EU-Parlament beschlossene \u201e<a href=\"http:\/\/www.europarl.europa.eu\/news\/de\/press-room\/20140224IPR36860\/parlament-unterstutzt-lebensrettendes-ecall-system-fur-autos\" target=\"_blank\" rel=\"noopener\">emergency call<\/a>\u201c (eCall) ist ein neues, von der Europ\u00e4ischen Union erdachtes automatisches Notrufsystem f\u00fcr Kraftfahrzeuge, das Hersteller ab 31. M\u00e4rz 2018 verbindlich in alle neuen Modelle ihrer Pkw und Nutzfahrzeuge zu verbauen haben.<\/h2>\n<p>Auf Basis statistischer Daten wird behauptet, durch den Einsatz des eCall Systems die Anzahl an Verkehrstoten innerhalb der EU erheblich senken zu k\u00f6nnen.<\/p>\n<p>\u201e<em>Die Einf\u00fchrung eines EU-weiten Notrufsystems ist eine wichtige Verbesserung der Sicherheit f\u00fcr die Verkehrsteilnehmer in Europa. So k\u00f6nnen im Jahr ungef\u00e4hr 2500 Leben gerettet und die Schwere von Verletzungen in zehntausenden F\u00e4llen erheblich verringert werden. Das eCall-System wird die Verbraucher nichts kosten und jedem Fahrer oder jeder Fahrerin unabh\u00e4ngig vom Fahrzeug zur Verf\u00fcgung stehen.<\/em>&#8220; &#8211; Olga Sehnalova (EU-Abgeordnete, CZE)<\/p>\n<p>Das im Fahrzeug montierte <a href=\"https:\/\/www.wespeakiot.com\/\" target=\"_blank\" rel=\"noopener\">IoT<\/a> Ger\u00e4t, ausgestattet mit einer Vielzahl von Sensoren (von GPS\/Galileo \u00fcber GSM, hin zu Beschleunigungs- und Neigungssensoren) und verbunden mit der Bordinfrastruktur des Fahrzeuges soll einen Verkehrsunfall automatisch an die einheitliche europ\u00e4ische Notrufnummer 112 melden &#8211; und so Rettungsma\u00dfnahmen schneller einleiten k\u00f6nnen. Dazu \u00fcbermittelt das System dann Daten: Etwa die genaue Fahrzeug-Position, die Anzahl der Insassen, ausgel\u00f6ste Airbags, Fahrzeuglage\/Neigung&#8230; etc..<\/p>\n<p>&#8222;<em>Wir freuen uns auf die Einf\u00fchrung dieser technischen Entwicklung, da wir durch die Daten eine eindeutige Einsatzortidentifizierung bekommen werden. Inwieweit die Daten ausreichend f\u00fcr eine qualifizierte Disposition der notwendigen Rettungsmittel sein werden, bleibt abzuwarten.<\/em>&#8220; &#8211; Jan Ole Unger &#8211; Pressesprecher der Feuerwehr Hamburg.<\/p>\n<p>Das obligatorische \u00dcberwachungsger\u00e4t wird dabei jedoch nicht \u00fcber einen optionalen \u201eAus\u201c-Schalter verf\u00fcgen, wird also permanent Daten erfassen &#8211; und k\u00f6nnte diese auch zu jederzeit weiterleiten.<\/p>\n<p>Die EU-Abgeordneten f\u00fcgten ihrem Gesetzesentwurf zum <a href=\"http:\/\/www.europarl.europa.eu\/news\/de\/press-room\/20140224IPR36860\/parlament-unterstutzt-lebensrettendes-ecall-system-fur-autos\" target=\"_blank\" rel=\"noopener\">eCall System<\/a> zwar eine Datenschutzklausel hinzu, um damit zu gew\u00e4hrleisten, dass die Fahrzeuge aufgrund der eingesetzten Technologie nicht st\u00e4ndig verfolgbar sein sollen \u2013 minimale Standards zu Sicherung der Ger\u00e4te oder gar verbindliche Regelungen \u00fcber M\u00f6glichkeiten, in das Handeln des Ger\u00e4tes einzugreifen, wurden aber nicht beschlossen.<\/p>\n<p>&#8222;<em>Das Problem bei eCall ist, dass eine Schnittstelle zwischen dem Auto und dem Internet hergestellt wird, und diese Schnittstelle dann auch f\u00fcr andere Zwecke, das ist sogar explizit so geplant, genutzt werden kann. [&#8230;] Aber mit dieser Schnittstelle kann zum Beispiel auch das Auto t\u00e4glich oder sek\u00fcndlich verfolgt werden.<\/em>&#8220; &#8211;\u00a0Thilo Weichert (Datensch\u00fctzer, Jurist, ehemaliger Datenschutzbeauftragter\u00a0Schleswig-Holsteins im <a href=\"http:\/\/www.deutschlandfunkkultur.de\/notrufsystem-ecall-wird-das-auto-zur-datenschleuder.1008.de.html?dram:article_id=407953\" target=\"_blank\" rel=\"noopener\">Interview mit Deutschlandfunk Kultur<\/a>)<\/p>\n<p>Es d\u00fcrfte nur eine Frage der Zeit sein, bis Meldungen \u00fcber erste Hacks der Ger\u00e4te die Runde machen; bis kleine, unabh\u00e4ngige Werkst\u00e4tten die Deaktivierung der Ger\u00e4te als Serviceleistung anbieten \u2013 und Firmenflotten m\u00f6glicherweise ungewollt nach <a href=\"https:\/\/www.wespeakiot.com\/cryptomining-latest-threat-iot\/\" target=\"_blank\" rel=\"noopener\">Cryptow\u00e4hrungen sch\u00fcrfen<\/a>.<\/p>\n<p>Kritik dazu kam u.a. auch vom\u00a0<a href=\"https:\/\/www.oeamtc.at\/\" target=\"_blank\" rel=\"noopener\">\u00d6AMTC<\/a>\u00a0&#8211; dem\u00a0\u00f6sterreichische Automobil-, Motorrad- und Touringclub. &#8222;<em>Derzeit g\u00e4be es keine klaren Regeln, wer die Daten zu welchem Zweck nutzen und weitergeben darf. Der Autofahrerclub fordert ein eigenes Datengesetz.<\/em>&#8220; &#8211; <a href=\"http:\/\/orf.at\/stories\/2420931\/\" target=\"_blank\" rel=\"noopener\">ORF<\/a><\/p>\n","protected":false},"excerpt":{"rendered":"<p>eCall das neue, eu-weite automatische Notrufsystem f\u00fcr PKW und Nutzfahrzeuge, muss ab<br \/>\n dem 01.03.2018 in allen neuen Modellen der Automobilhersteller verbaut werden.<\/p>\n","protected":false},"author":24,"featured_media":6727,"comment_status":"open","ping_status":"open","sticky":false,"template":"","format":"standard","meta":{"footnotes":""},"categories":[2360,1965],"tags":[3523,3524,51],"class_list":["post-6725","post","type-post","status-publish","format-standard","has-post-thumbnail","hentry","category-schlagzeilen","category-sicherheit","tag-ecall","tag-emergency-call","tag-iot"],"yoast_head":"<!-- This site is optimized with the Yoast SEO plugin v27.5 - https:\/\/yoast.com\/product\/yoast-seo-wordpress\/ -->\n<title>eCall: Mit &quot;Big Brother&quot; auf Achse? - We speak IoT<\/title>\n<meta name=\"description\" content=\"eCall das neue, eu-weite automatische Notrufsystem f\u00fcr PKW und Nutzfahrzeuge, muss ab dem 01.03.2018 in allen neuen Modellen der Automobilhersteller verbaut werden.\" \/>\n<meta name=\"robots\" content=\"index, follow, max-snippet:-1, max-image-preview:large, max-video-preview:-1\" \/>\n<link rel=\"canonical\" href=\"https:\/\/www.wespeakiot.com\/de\/ecall-kuenftig-nur-noch-mit-big-brother-auf-achse\/\" \/>\n<meta property=\"og:locale\" content=\"de_DE\" \/>\n<meta property=\"og:type\" content=\"article\" \/>\n<meta property=\"og:title\" content=\"eCall: Mit &quot;Big Brother&quot; auf Achse? - We speak IoT\" \/>\n<meta property=\"og:description\" content=\"eCall das neue, eu-weite automatische Notrufsystem f\u00fcr PKW und Nutzfahrzeuge, muss ab dem 01.03.2018 in allen neuen Modellen der Automobilhersteller verbaut werden.\" \/>\n<meta property=\"og:url\" content=\"https:\/\/www.wespeakiot.com\/de\/ecall-kuenftig-nur-noch-mit-big-brother-auf-achse\/\" \/>\n<meta property=\"og:site_name\" content=\"We speak IoT\" \/>\n<meta property=\"article:published_time\" content=\"2018-04-03T09:51:13+00:00\" \/>\n<meta property=\"article:modified_time\" content=\"2018-04-03T09:55:29+00:00\" \/>\n<meta property=\"og:image\" content=\"https:\/\/www.wespeakiot.com\/wp-content\/uploads\/2018\/03\/eCall.jpg\" \/>\n\t<meta property=\"og:image:width\" content=\"960\" \/>\n\t<meta property=\"og:image:height\" content=\"641\" \/>\n\t<meta property=\"og:image:type\" content=\"image\/jpeg\" \/>\n<meta name=\"author\" content=\"Editorial Staff\" \/>\n<meta name=\"twitter:card\" content=\"summary_large_image\" \/>\n<meta name=\"twitter:label1\" content=\"Verfasst von\" \/>\n\t<meta name=\"twitter:data1\" content=\"Editorial Staff\" \/>\n\t<meta name=\"twitter:label2\" content=\"Gesch\u00e4tzte Lesezeit\" \/>\n\t<meta name=\"twitter:data2\" content=\"2\u00a0Minuten\" \/>\n<script type=\"application\/ld+json\" class=\"yoast-schema-graph\">{\"@context\":\"https:\\\/\\\/schema.org\",\"@graph\":[{\"@type\":\"NewsArticle\",\"@id\":\"https:\\\/\\\/www.wespeakiot.com\\\/de\\\/ecall-kuenftig-nur-noch-mit-big-brother-auf-achse\\\/#article\",\"isPartOf\":{\"@id\":\"https:\\\/\\\/www.wespeakiot.com\\\/de\\\/ecall-kuenftig-nur-noch-mit-big-brother-auf-achse\\\/\"},\"author\":{\"name\":\"Editorial Staff\",\"@id\":\"https:\\\/\\\/www.wespeakiot.com\\\/de\\\/#\\\/schema\\\/person\\\/f7fc26ad99702ff175fe7dc16d590925\"},\"headline\":\"eCall: Mit &#8222;Big Brother&#8220; auf Achse?\",\"datePublished\":\"2018-04-03T09:51:13+00:00\",\"dateModified\":\"2018-04-03T09:55:29+00:00\",\"mainEntityOfPage\":{\"@id\":\"https:\\\/\\\/www.wespeakiot.com\\\/de\\\/ecall-kuenftig-nur-noch-mit-big-brother-auf-achse\\\/\"},\"wordCount\":483,\"commentCount\":0,\"publisher\":{\"@id\":\"https:\\\/\\\/www.wespeakiot.com\\\/de\\\/#organization\"},\"image\":{\"@id\":\"https:\\\/\\\/www.wespeakiot.com\\\/de\\\/ecall-kuenftig-nur-noch-mit-big-brother-auf-achse\\\/#primaryimage\"},\"thumbnailUrl\":\"https:\\\/\\\/www.wespeakiot.com\\\/wp-content\\\/uploads\\\/2018\\\/03\\\/eCall.jpg\",\"keywords\":[\"eCall\",\"emergency call\",\"IoT\"],\"articleSection\":[\"Schlagzeilen\",\"Sicherheit\"],\"inLanguage\":\"de\",\"potentialAction\":[{\"@type\":\"CommentAction\",\"name\":\"Comment\",\"target\":[\"https:\\\/\\\/www.wespeakiot.com\\\/de\\\/ecall-kuenftig-nur-noch-mit-big-brother-auf-achse\\\/#respond\"]}]},{\"@type\":\"WebPage\",\"@id\":\"https:\\\/\\\/www.wespeakiot.com\\\/de\\\/ecall-kuenftig-nur-noch-mit-big-brother-auf-achse\\\/\",\"url\":\"https:\\\/\\\/www.wespeakiot.com\\\/de\\\/ecall-kuenftig-nur-noch-mit-big-brother-auf-achse\\\/\",\"name\":\"eCall: Mit \\\"Big Brother\\\" auf Achse? - We speak IoT\",\"isPartOf\":{\"@id\":\"https:\\\/\\\/www.wespeakiot.com\\\/de\\\/#website\"},\"primaryImageOfPage\":{\"@id\":\"https:\\\/\\\/www.wespeakiot.com\\\/de\\\/ecall-kuenftig-nur-noch-mit-big-brother-auf-achse\\\/#primaryimage\"},\"image\":{\"@id\":\"https:\\\/\\\/www.wespeakiot.com\\\/de\\\/ecall-kuenftig-nur-noch-mit-big-brother-auf-achse\\\/#primaryimage\"},\"thumbnailUrl\":\"https:\\\/\\\/www.wespeakiot.com\\\/wp-content\\\/uploads\\\/2018\\\/03\\\/eCall.jpg\",\"datePublished\":\"2018-04-03T09:51:13+00:00\",\"dateModified\":\"2018-04-03T09:55:29+00:00\",\"description\":\"eCall das neue, eu-weite automatische Notrufsystem f\u00fcr PKW und Nutzfahrzeuge, muss ab dem 01.03.2018 in allen neuen Modellen der Automobilhersteller verbaut werden.\",\"breadcrumb\":{\"@id\":\"https:\\\/\\\/www.wespeakiot.com\\\/de\\\/ecall-kuenftig-nur-noch-mit-big-brother-auf-achse\\\/#breadcrumb\"},\"inLanguage\":\"de\",\"potentialAction\":[{\"@type\":\"ReadAction\",\"target\":[\"https:\\\/\\\/www.wespeakiot.com\\\/de\\\/ecall-kuenftig-nur-noch-mit-big-brother-auf-achse\\\/\"]}]},{\"@type\":\"ImageObject\",\"inLanguage\":\"de\",\"@id\":\"https:\\\/\\\/www.wespeakiot.com\\\/de\\\/ecall-kuenftig-nur-noch-mit-big-brother-auf-achse\\\/#primaryimage\",\"url\":\"https:\\\/\\\/www.wespeakiot.com\\\/wp-content\\\/uploads\\\/2018\\\/03\\\/eCall.jpg\",\"contentUrl\":\"https:\\\/\\\/www.wespeakiot.com\\\/wp-content\\\/uploads\\\/2018\\\/03\\\/eCall.jpg\",\"width\":960,\"height\":641,\"caption\":\"eCall\"},{\"@type\":\"BreadcrumbList\",\"@id\":\"https:\\\/\\\/www.wespeakiot.com\\\/de\\\/ecall-kuenftig-nur-noch-mit-big-brother-auf-achse\\\/#breadcrumb\",\"itemListElement\":[{\"@type\":\"ListItem\",\"position\":1,\"name\":\"Home\",\"item\":\"https:\\\/\\\/www.wespeakiot.com\\\/de\\\/\"},{\"@type\":\"ListItem\",\"position\":2,\"name\":\"eCall: Mit &#8222;Big Brother&#8220; auf Achse?\"}]},{\"@type\":\"WebSite\",\"@id\":\"https:\\\/\\\/www.wespeakiot.com\\\/de\\\/#website\",\"url\":\"https:\\\/\\\/www.wespeakiot.com\\\/de\\\/\",\"name\":\"WeSpeakIoT\",\"description\":\"Inside the Internet of Things\",\"publisher\":{\"@id\":\"https:\\\/\\\/www.wespeakiot.com\\\/de\\\/#organization\"},\"potentialAction\":[{\"@type\":\"SearchAction\",\"target\":{\"@type\":\"EntryPoint\",\"urlTemplate\":\"https:\\\/\\\/www.wespeakiot.com\\\/de\\\/?s={search_term_string}\"},\"query-input\":{\"@type\":\"PropertyValueSpecification\",\"valueRequired\":true,\"valueName\":\"search_term_string\"}}],\"inLanguage\":\"de\"},{\"@type\":\"Organization\",\"@id\":\"https:\\\/\\\/www.wespeakiot.com\\\/de\\\/#organization\",\"name\":\"WeSpeakIoT - Inside the Internet of Things\",\"url\":\"https:\\\/\\\/www.wespeakiot.com\\\/de\\\/\",\"logo\":{\"@type\":\"ImageObject\",\"inLanguage\":\"de\",\"@id\":\"https:\\\/\\\/www.wespeakiot.com\\\/de\\\/#\\\/schema\\\/logo\\\/image\\\/\",\"url\":\"https:\\\/\\\/www.wespeakiot.com\\\/wp-content\\\/uploads\\\/2025\\\/08\\\/wespeakiot-logo-696x696-1.jpg\",\"contentUrl\":\"https:\\\/\\\/www.wespeakiot.com\\\/wp-content\\\/uploads\\\/2025\\\/08\\\/wespeakiot-logo-696x696-1.jpg\",\"width\":696,\"height\":696,\"caption\":\"WeSpeakIoT - Inside the Internet of Things\"},\"image\":{\"@id\":\"https:\\\/\\\/www.wespeakiot.com\\\/de\\\/#\\\/schema\\\/logo\\\/image\\\/\"}},{\"@type\":\"Person\",\"@id\":\"https:\\\/\\\/www.wespeakiot.com\\\/de\\\/#\\\/schema\\\/person\\\/f7fc26ad99702ff175fe7dc16d590925\",\"name\":\"Editorial Staff\",\"image\":{\"@type\":\"ImageObject\",\"inLanguage\":\"de\",\"@id\":\"https:\\\/\\\/www.wespeakiot.com\\\/wp-content\\\/uploads\\\/2017\\\/07\\\/wsi_logo_black-100x100.jpg\",\"url\":\"https:\\\/\\\/www.wespeakiot.com\\\/wp-content\\\/uploads\\\/2017\\\/07\\\/wsi_logo_black-100x100.jpg\",\"contentUrl\":\"https:\\\/\\\/www.wespeakiot.com\\\/wp-content\\\/uploads\\\/2017\\\/07\\\/wsi_logo_black-100x100.jpg\",\"caption\":\"Editorial Staff\"},\"url\":\"https:\\\/\\\/www.wespeakiot.com\\\/de\\\/author\\\/estaff\\\/\"}]}<\/script>\n<!-- \/ Yoast SEO plugin. -->","yoast_head_json":{"title":"eCall: Mit \"Big Brother\" auf Achse? - We speak IoT","description":"eCall das neue, eu-weite automatische Notrufsystem f\u00fcr PKW und Nutzfahrzeuge, muss ab dem 01.03.2018 in allen neuen Modellen der Automobilhersteller verbaut werden.","robots":{"index":"index","follow":"follow","max-snippet":"max-snippet:-1","max-image-preview":"max-image-preview:large","max-video-preview":"max-video-preview:-1"},"canonical":"https:\/\/www.wespeakiot.com\/de\/ecall-kuenftig-nur-noch-mit-big-brother-auf-achse\/","og_locale":"de_DE","og_type":"article","og_title":"eCall: Mit \"Big Brother\" auf Achse? - We speak IoT","og_description":"eCall das neue, eu-weite automatische Notrufsystem f\u00fcr PKW und Nutzfahrzeuge, muss ab dem 01.03.2018 in allen neuen Modellen der Automobilhersteller verbaut werden.","og_url":"https:\/\/www.wespeakiot.com\/de\/ecall-kuenftig-nur-noch-mit-big-brother-auf-achse\/","og_site_name":"We speak IoT","article_published_time":"2018-04-03T09:51:13+00:00","article_modified_time":"2018-04-03T09:55:29+00:00","og_image":[{"width":960,"height":641,"url":"https:\/\/www.wespeakiot.com\/wp-content\/uploads\/2018\/03\/eCall.jpg","type":"image\/jpeg"}],"author":"Editorial Staff","twitter_card":"summary_large_image","twitter_misc":{"Verfasst von":"Editorial Staff","Gesch\u00e4tzte Lesezeit":"2\u00a0Minuten"},"schema":{"@context":"https:\/\/schema.org","@graph":[{"@type":"NewsArticle","@id":"https:\/\/www.wespeakiot.com\/de\/ecall-kuenftig-nur-noch-mit-big-brother-auf-achse\/#article","isPartOf":{"@id":"https:\/\/www.wespeakiot.com\/de\/ecall-kuenftig-nur-noch-mit-big-brother-auf-achse\/"},"author":{"name":"Editorial Staff","@id":"https:\/\/www.wespeakiot.com\/de\/#\/schema\/person\/f7fc26ad99702ff175fe7dc16d590925"},"headline":"eCall: Mit &#8222;Big Brother&#8220; auf Achse?","datePublished":"2018-04-03T09:51:13+00:00","dateModified":"2018-04-03T09:55:29+00:00","mainEntityOfPage":{"@id":"https:\/\/www.wespeakiot.com\/de\/ecall-kuenftig-nur-noch-mit-big-brother-auf-achse\/"},"wordCount":483,"commentCount":0,"publisher":{"@id":"https:\/\/www.wespeakiot.com\/de\/#organization"},"image":{"@id":"https:\/\/www.wespeakiot.com\/de\/ecall-kuenftig-nur-noch-mit-big-brother-auf-achse\/#primaryimage"},"thumbnailUrl":"https:\/\/www.wespeakiot.com\/wp-content\/uploads\/2018\/03\/eCall.jpg","keywords":["eCall","emergency call","IoT"],"articleSection":["Schlagzeilen","Sicherheit"],"inLanguage":"de","potentialAction":[{"@type":"CommentAction","name":"Comment","target":["https:\/\/www.wespeakiot.com\/de\/ecall-kuenftig-nur-noch-mit-big-brother-auf-achse\/#respond"]}]},{"@type":"WebPage","@id":"https:\/\/www.wespeakiot.com\/de\/ecall-kuenftig-nur-noch-mit-big-brother-auf-achse\/","url":"https:\/\/www.wespeakiot.com\/de\/ecall-kuenftig-nur-noch-mit-big-brother-auf-achse\/","name":"eCall: Mit \"Big Brother\" auf Achse? - We speak IoT","isPartOf":{"@id":"https:\/\/www.wespeakiot.com\/de\/#website"},"primaryImageOfPage":{"@id":"https:\/\/www.wespeakiot.com\/de\/ecall-kuenftig-nur-noch-mit-big-brother-auf-achse\/#primaryimage"},"image":{"@id":"https:\/\/www.wespeakiot.com\/de\/ecall-kuenftig-nur-noch-mit-big-brother-auf-achse\/#primaryimage"},"thumbnailUrl":"https:\/\/www.wespeakiot.com\/wp-content\/uploads\/2018\/03\/eCall.jpg","datePublished":"2018-04-03T09:51:13+00:00","dateModified":"2018-04-03T09:55:29+00:00","description":"eCall das neue, eu-weite automatische Notrufsystem f\u00fcr PKW und Nutzfahrzeuge, muss ab dem 01.03.2018 in allen neuen Modellen der Automobilhersteller verbaut werden.","breadcrumb":{"@id":"https:\/\/www.wespeakiot.com\/de\/ecall-kuenftig-nur-noch-mit-big-brother-auf-achse\/#breadcrumb"},"inLanguage":"de","potentialAction":[{"@type":"ReadAction","target":["https:\/\/www.wespeakiot.com\/de\/ecall-kuenftig-nur-noch-mit-big-brother-auf-achse\/"]}]},{"@type":"ImageObject","inLanguage":"de","@id":"https:\/\/www.wespeakiot.com\/de\/ecall-kuenftig-nur-noch-mit-big-brother-auf-achse\/#primaryimage","url":"https:\/\/www.wespeakiot.com\/wp-content\/uploads\/2018\/03\/eCall.jpg","contentUrl":"https:\/\/www.wespeakiot.com\/wp-content\/uploads\/2018\/03\/eCall.jpg","width":960,"height":641,"caption":"eCall"},{"@type":"BreadcrumbList","@id":"https:\/\/www.wespeakiot.com\/de\/ecall-kuenftig-nur-noch-mit-big-brother-auf-achse\/#breadcrumb","itemListElement":[{"@type":"ListItem","position":1,"name":"Home","item":"https:\/\/www.wespeakiot.com\/de\/"},{"@type":"ListItem","position":2,"name":"eCall: Mit &#8222;Big Brother&#8220; auf Achse?"}]},{"@type":"WebSite","@id":"https:\/\/www.wespeakiot.com\/de\/#website","url":"https:\/\/www.wespeakiot.com\/de\/","name":"WeSpeakIoT","description":"Inside the Internet of Things","publisher":{"@id":"https:\/\/www.wespeakiot.com\/de\/#organization"},"potentialAction":[{"@type":"SearchAction","target":{"@type":"EntryPoint","urlTemplate":"https:\/\/www.wespeakiot.com\/de\/?s={search_term_string}"},"query-input":{"@type":"PropertyValueSpecification","valueRequired":true,"valueName":"search_term_string"}}],"inLanguage":"de"},{"@type":"Organization","@id":"https:\/\/www.wespeakiot.com\/de\/#organization","name":"WeSpeakIoT - Inside the Internet of Things","url":"https:\/\/www.wespeakiot.com\/de\/","logo":{"@type":"ImageObject","inLanguage":"de","@id":"https:\/\/www.wespeakiot.com\/de\/#\/schema\/logo\/image\/","url":"https:\/\/www.wespeakiot.com\/wp-content\/uploads\/2025\/08\/wespeakiot-logo-696x696-1.jpg","contentUrl":"https:\/\/www.wespeakiot.com\/wp-content\/uploads\/2025\/08\/wespeakiot-logo-696x696-1.jpg","width":696,"height":696,"caption":"WeSpeakIoT - Inside the Internet of Things"},"image":{"@id":"https:\/\/www.wespeakiot.com\/de\/#\/schema\/logo\/image\/"}},{"@type":"Person","@id":"https:\/\/www.wespeakiot.com\/de\/#\/schema\/person\/f7fc26ad99702ff175fe7dc16d590925","name":"Editorial Staff","image":{"@type":"ImageObject","inLanguage":"de","@id":"https:\/\/www.wespeakiot.com\/wp-content\/uploads\/2017\/07\/wsi_logo_black-100x100.jpg","url":"https:\/\/www.wespeakiot.com\/wp-content\/uploads\/2017\/07\/wsi_logo_black-100x100.jpg","contentUrl":"https:\/\/www.wespeakiot.com\/wp-content\/uploads\/2017\/07\/wsi_logo_black-100x100.jpg","caption":"Editorial Staff"},"url":"https:\/\/www.wespeakiot.com\/de\/author\/estaff\/"}]}},"wp-worthy-pixel":{"ignored":false,"public":null,"server":null,"url":null},"wp-worthy-type":"normal","cc_featured_image_caption":{"caption_text":"Grafik: ADAC Infogram","source_text":"eCall - Emergency Call","source_url":"https:\/\/www.adac.de\/"},"_links":{"self":[{"href":"https:\/\/www.wespeakiot.com\/de\/wp-json\/wp\/v2\/posts\/6725","targetHints":{"allow":["GET"]}}],"collection":[{"href":"https:\/\/www.wespeakiot.com\/de\/wp-json\/wp\/v2\/posts"}],"about":[{"href":"https:\/\/www.wespeakiot.com\/de\/wp-json\/wp\/v2\/types\/post"}],"author":[{"embeddable":true,"href":"https:\/\/www.wespeakiot.com\/de\/wp-json\/wp\/v2\/users\/24"}],"replies":[{"embeddable":true,"href":"https:\/\/www.wespeakiot.com\/de\/wp-json\/wp\/v2\/comments?post=6725"}],"version-history":[{"count":0,"href":"https:\/\/www.wespeakiot.com\/de\/wp-json\/wp\/v2\/posts\/6725\/revisions"}],"wp:featuredmedia":[{"embeddable":true,"href":"https:\/\/www.wespeakiot.com\/de\/wp-json\/wp\/v2\/media\/6727"}],"wp:attachment":[{"href":"https:\/\/www.wespeakiot.com\/de\/wp-json\/wp\/v2\/media?parent=6725"}],"wp:term":[{"taxonomy":"category","embeddable":true,"href":"https:\/\/www.wespeakiot.com\/de\/wp-json\/wp\/v2\/categories?post=6725"},{"taxonomy":"post_tag","embeddable":true,"href":"https:\/\/www.wespeakiot.com\/de\/wp-json\/wp\/v2\/tags?post=6725"}],"curies":[{"name":"wp","href":"https:\/\/api.w.org\/{rel}","templated":true}]}}