{"id":7242,"date":"2018-06-01T15:32:08","date_gmt":"2018-06-01T13:32:08","guid":{"rendered":"https:\/\/www.wespeakiot.com\/?p=7242"},"modified":"2018-06-01T15:35:05","modified_gmt":"2018-06-01T13:35:05","slug":"ebv-iot-hero-smarte-iot-lampe-aus-wien","status":"publish","type":"post","link":"https:\/\/www.wespeakiot.com\/de\/ebv-iot-hero-smarte-iot-lampe-aus-wien\/","title":{"rendered":"EBV IoT Hero: Smarte IoT Lampe aus Wien"},"content":{"rendered":"<div class=\"ccfic\"><span class=\"ccfic-text\">Pressefoto: Luke Roberts<\/span><\/div>\n<h2>Wer ist das innovativste, aussichtsreichste europ\u00e4ische IoT-Startup? Das wollte EBV Elektronik feststellen und schrieb dazu w\u00e4hrend des <a href=\"http:\/\/www.innovationworldcup.com\/iot-wt\/\" target=\"_blank\" rel=\"noopener\">IoT\/WT Innovation World Cup 2017<\/a> den Sonderpreis <em>EBV IoT Hero<\/em> aus.<\/h2>\n<p>(Die EBV Elektronik GmbH &amp; Co. KG ist ein 1969 gegr\u00fcndetes Gro\u00dfhandelsunternehmen f\u00fcr elektronische Bauelemente mit Sitz in Poing bei M\u00fcnchen und geh\u00f6rt zur US-amerikanischen Avnet Holding. Mit 24 Prozent Marktanteil ist EBV einer der gr\u00f6\u00dften Distributoren von Halbleiter-Bauelementen in Europa und unterh\u00e4lt 62 Niederlassungen in 28 L\u00e4ndern in Europa, im mittleren Osten und in Afrika. &#8211; Quelle: <a href=\"https:\/\/de.wikipedia.org\/wiki\/EBV_Elektronik\" target=\"_blank\" rel=\"noopener\">Wikipedia<\/a>)<\/p>\n<p>Unter vorgenanntem Motto (<em>EBV IoT Hero<\/em>) konnten Entrepreneure, Startups und Entwickler ihre Entwicklungen neuer IoT-Produkte in den Kategorien \u201e<a href=\"https:\/\/www.lemonbeat.de\/smart-home\/\" target=\"_blank\" rel=\"noopener\">Home<\/a>\u201c, \u201eCity\u201c, \u201eLifestyle\u201c, \u201e<a href=\"https:\/\/www.lemonbeat.de\/smart-industry-nachruesten\/\" target=\"_blank\" rel=\"noopener\">Industrial<\/a>\u201c, \u201eTransportation\u201c, \u201eHealthcare\u201c und \u201eRetail\u201c w\u00e4hrend des Innovation World Cup einreichen. Die mehrk\u00f6pfige Jury hatten bei der Entscheidungsfindung zum IoT-Hero viel zu tun: Aus \u00fcber 940 Startups w\u00e4hlten sie 33 Firmen in die Endrunde.<\/p>\n<p>Die Auswahlkriterien f\u00fcr den EBV <a href=\"http:\/\/www.wespeakiot.com\/de\/\" target=\"_blank\" rel=\"noopener\">IoT<\/a> Hero waren dabei sehr anspruchsvoll: Innovationsgrad, Time2Market und kommerzielles Potenzial, technologische Machbarkeit, Marketingansatz und geforderte Investitionen. Schlie\u00dflich ging es nicht nur um ein hohes Preisgeld, sondern auch um viel Aufmerksamkeit f\u00fcr die Startups.<\/p>\n<p>Durchsetzen konnte sich das Wiener Startup \u201e<a href=\"https:\/\/luke-roberts.com\/\" target=\"_blank\" rel=\"noopener\">Luke Roberts<\/a>\u201c und \u00fcberzeugte die Jury mit einer revolution\u00e4ren Lampentechnik.<\/p>\n<div id=\"attachment_7258\" style=\"width: 310px\" class=\"wp-caption alignleft\"><a href=\"https:\/\/www.wespeakiot.com\/wp-content\/uploads\/2018\/05\/Founders_-Lukas-Pilat-Robert-Kopka-2.jpg\"><img loading=\"lazy\" decoding=\"async\" aria-describedby=\"caption-attachment-7258\" class=\"size-medium wp-image-7258\" src=\"https:\/\/www.wespeakiot.com\/wp-content\/uploads\/2018\/05\/Founders_-Lukas-Pilat-Robert-Kopka-2-300x173.jpg\" alt=\"Startup Gr\u00fcnder Lukas Pilat (l.) und Robert Kopka\" width=\"300\" height=\"173\" \/><\/a><p id=\"caption-attachment-7258\" class=\"wp-caption-text\">Startup Gr\u00fcnder Lukas Pilat (l.) und Robert Kopka. <em>Quelle: Luke Roberts<\/em><\/p><\/div>\n<p>\u201e<em>Wir sind sehr gl\u00fccklich, uns gegen eine starke Konkurrenz durchgesetzt zu haben. Die Best\u00e4tigung, die wir f\u00fcr unsere smarte Leuchte dadurch erhalten haben, ist eine gro\u00dfe Motivation f\u00fcr das gesamte Team.<\/em>\u201c &#8211; Robert Kopka (Founder &amp; Managing Director bei Luke Roberts)<\/p>\n<p>Viele Ger\u00e4te wurden smarter, nur beim Licht blieb alles mehr oder weniger beim Alten. Obwohl jeder Raum beleuchtet wird und Licht erwiesenerma\u00dfen einen starken Einfluss auf die Stimmung von Menschen hat, kann man die meisten Leuchten nur ein- und ausschalten. \u00bbWir wollen genau das \u00e4ndern und Licht dynamisch machen. Wir wollen, dass sich Beleuchtung an uns anpasst und die R\u00e4ume nach unseren pers\u00f6nlichen Pr\u00e4ferenzen ausgeleuchtet sind. Daher haben wir Luke Roberts gegr\u00fcndet\u00ab, fasst Kopka die Motivation hinter dem Startup zusammen.<\/p>\n<p>Das gesamte Team von Luke Roberts hatte die letzten Jahre damit verbracht, die neuartige Technologie hinter der Lichtsteuerung zu entwickeln:<\/p>\n<p>\u201e<em>Unsere Design-Leuchten sind die weltweit ersten Leuchten, mit denen man das Licht dort platzieren kann, wo man es wirklich braucht, ohne die Leuchte physisch zu bewegen.<\/em>\u201c -Robert Kopka<\/p>\n<p>Die \u201ePaint Your Light\u201d-Technologie erm\u00f6gliche es, durch einfache Malgesten auf einem Smartphone gewisse Bereiche eines Raumes heller oder dunkler auszuleuchten. Mit einer Smartphone-App, die sich \u00fcber eine drahtlose Bluetooth-Verbindung mit der Lampe verbindet, k\u00f6nnen direkte und indirekte Beleuchtung unabh\u00e4ngig voneinander gesteuert oder miteinander kombiniert werden.<\/p>\n<p>Au\u00dferdem lernt die Leuchte mit Hilfe entsprechender Algorithmen aus dem Nutzungsverhalten ihrer User, um beim Einschalten automatisch die beste Lichtszene zu w\u00e4hlen. \u00dcber 16 Millionen Farben k\u00f6nnen so eine behagliche Atmosph\u00e4re mit blendfreier indirekter Beleuchtung schaffen. Abstimmbares Wei\u00df von 2700 K bis 4000 K liefert bis zu 3000 Lumen Downlight und bis zu 1200 Lumen, wenn die Lampe als Uplight verwendet wird.<\/p>\n<p><iframe loading=\"lazy\" title=\"The World&#039;s First Smart Design Lamp\" width=\"500\" height=\"281\" src=\"https:\/\/www.youtube.com\/embed\/2p5YwxNvY5A?feature=oembed\" frameborder=\"0\" allow=\"accelerometer; autoplay; clipboard-write; encrypted-media; gyroscope; picture-in-picture; web-share\" referrerpolicy=\"strict-origin-when-cross-origin\" allowfullscreen><\/iframe><\/p>\n<p><em>Werbevideo der smarten Iot Leuchte. Quelle: Luke Roberts<\/em><\/p>\n<p>Die Entwicklung der Technologie ist inzwischen abgeschlossen und die Produktion der ersten Leuchten l\u00e4uft. F\u00fcr die nahe Zukunft sieht Robert Kopka den Aufbau des Vertriebs als die gr\u00f6\u00dfte Herausforderung: \u201eAuch die beste Leuchte verkauft sich nicht von selbst und wir m\u00fcssen unsere potenziellen Kunden erreichen, um ihnen die Vorteile der Leuchte zu demonstrieren. Dazu werden wir stark auf Online-Marketing setzen und in mehreren St\u00e4dten Pop-up-Stores er\u00f6ffnen.\u201c<\/p>\n<p><a href=\"https:\/\/www.indiegogo.com\/projects\/the-world-s-first-truly-smart-lamp-by-luke-roberts#\/\" target=\"_blank\" rel=\"noopener\">Mittels Crowdfunding konnte das Startup bereits \u00fcber 1.500 Lampen verkaufen<\/a>; und hat dabei &#8211; laut Kopka &#8211; viel \u00fcber ihre Kunden gelernt: \u201e<em>Dadurch ist es uns m\u00f6glich, diese gezielt online anzusprechen. Aus unserer Sicht gab es in den letzten Jahren zu wenig Innovation in der Leuchtenbranche und die Kunden freuen sich \u00fcber das Erleben eines neuartigen Beleuchtungskonzeptes.<\/em>\u201c<\/p>\n","protected":false},"excerpt":{"rendered":"<p>Wer ist das innovativste, aussichtsreichste europ\u00e4ische IoT-Startup? Das wollte EBV Elektronik feststellen und schrieb dazu w\u00e4hrend des IoT\/WT Innovation World Cup 2017 den Sonderpreis EBV IoT Hero aus. (Die EBV Elektronik GmbH &amp; Co. KG ist ein 1969 gegr\u00fcndetes Gro\u00dfhandelsunternehmen [&hellip;]<\/p>\n","protected":false},"author":24,"featured_media":7257,"comment_status":"open","ping_status":"open","sticky":false,"template":"","format":"standard","meta":{"footnotes":""},"categories":[1974,2360],"tags":[4138,51,4135,4136,4137,4134],"class_list":["post-7242","post","type-post","status-publish","format-standard","has-post-thumbnail","hentry","category-gebaeudeautomation","category-schlagzeilen","tag-ebv-iot-hero","tag-iot","tag-lampe","tag-leuchte","tag-luke-roberts","tag-startup"],"yoast_head":"<!-- This site is optimized with the Yoast SEO plugin v27.5 - https:\/\/yoast.com\/product\/yoast-seo-wordpress\/ -->\n<title>EBV IoT Hero: Smarte IoT Lampe aus Wien - We speak IoT<\/title>\n<meta name=\"description\" content=\"Wer ist das innovativste, aussichtsreichste europ\u00e4ische IoT-Startup? Das wollte EBV Elektronik feststellen und schrieb dazu w\u00e4hrend des IoT\/WT Innovation World Cup 2017 den Sonderpreis EBV IoT Hero aus.\" \/>\n<meta name=\"robots\" content=\"index, follow, max-snippet:-1, max-image-preview:large, max-video-preview:-1\" \/>\n<link rel=\"canonical\" href=\"https:\/\/www.wespeakiot.com\/de\/ebv-iot-hero-smarte-iot-lampe-aus-wien\/\" \/>\n<meta property=\"og:locale\" content=\"de_DE\" \/>\n<meta property=\"og:type\" content=\"article\" \/>\n<meta property=\"og:title\" content=\"EBV IoT Hero: Smarte IoT Lampe aus Wien - We speak IoT\" \/>\n<meta property=\"og:description\" content=\"Wer ist das innovativste, aussichtsreichste europ\u00e4ische IoT-Startup? Das wollte EBV Elektronik feststellen und schrieb dazu w\u00e4hrend des IoT\/WT Innovation World Cup 2017 den Sonderpreis EBV IoT Hero aus.\" \/>\n<meta property=\"og:url\" content=\"https:\/\/www.wespeakiot.com\/de\/ebv-iot-hero-smarte-iot-lampe-aus-wien\/\" \/>\n<meta property=\"og:site_name\" content=\"We speak IoT\" \/>\n<meta property=\"article:published_time\" content=\"2018-06-01T13:32:08+00:00\" \/>\n<meta property=\"article:modified_time\" content=\"2018-06-01T13:35:05+00:00\" \/>\n<meta property=\"og:image\" content=\"https:\/\/www.wespeakiot.com\/wp-content\/uploads\/2018\/05\/smarte_lampe_aus_wien-1.jpg\" \/>\n\t<meta property=\"og:image:width\" content=\"960\" \/>\n\t<meta property=\"og:image:height\" content=\"640\" \/>\n\t<meta property=\"og:image:type\" content=\"image\/jpeg\" \/>\n<meta name=\"author\" content=\"Editorial Staff\" \/>\n<meta name=\"twitter:card\" content=\"summary_large_image\" \/>\n<meta name=\"twitter:label1\" content=\"Verfasst von\" \/>\n\t<meta name=\"twitter:data1\" content=\"Editorial Staff\" \/>\n\t<meta name=\"twitter:label2\" content=\"Gesch\u00e4tzte Lesezeit\" \/>\n\t<meta name=\"twitter:data2\" content=\"3\u00a0Minuten\" \/>\n<script type=\"application\/ld+json\" class=\"yoast-schema-graph\">{\"@context\":\"https:\\\/\\\/schema.org\",\"@graph\":[{\"@type\":\"NewsArticle\",\"@id\":\"https:\\\/\\\/www.wespeakiot.com\\\/de\\\/ebv-iot-hero-smarte-iot-lampe-aus-wien\\\/#article\",\"isPartOf\":{\"@id\":\"https:\\\/\\\/www.wespeakiot.com\\\/de\\\/ebv-iot-hero-smarte-iot-lampe-aus-wien\\\/\"},\"author\":{\"name\":\"Editorial Staff\",\"@id\":\"https:\\\/\\\/www.wespeakiot.com\\\/de\\\/#\\\/schema\\\/person\\\/f7fc26ad99702ff175fe7dc16d590925\"},\"headline\":\"EBV IoT Hero: Smarte IoT Lampe aus Wien\",\"datePublished\":\"2018-06-01T13:32:08+00:00\",\"dateModified\":\"2018-06-01T13:35:05+00:00\",\"mainEntityOfPage\":{\"@id\":\"https:\\\/\\\/www.wespeakiot.com\\\/de\\\/ebv-iot-hero-smarte-iot-lampe-aus-wien\\\/\"},\"wordCount\":670,\"commentCount\":0,\"publisher\":{\"@id\":\"https:\\\/\\\/www.wespeakiot.com\\\/de\\\/#organization\"},\"image\":{\"@id\":\"https:\\\/\\\/www.wespeakiot.com\\\/de\\\/ebv-iot-hero-smarte-iot-lampe-aus-wien\\\/#primaryimage\"},\"thumbnailUrl\":\"https:\\\/\\\/www.wespeakiot.com\\\/wp-content\\\/uploads\\\/2018\\\/05\\\/smarte_lampe_aus_wien-1.jpg\",\"keywords\":[\"EBV IoT Hero\",\"IoT\",\"Lampe\",\"Leuchte\",\"Luke Roberts\",\"Startup\"],\"articleSection\":[\"Geb\u00e4udeautomation\",\"Schlagzeilen\"],\"inLanguage\":\"de\",\"potentialAction\":[{\"@type\":\"CommentAction\",\"name\":\"Comment\",\"target\":[\"https:\\\/\\\/www.wespeakiot.com\\\/de\\\/ebv-iot-hero-smarte-iot-lampe-aus-wien\\\/#respond\"]}]},{\"@type\":\"WebPage\",\"@id\":\"https:\\\/\\\/www.wespeakiot.com\\\/de\\\/ebv-iot-hero-smarte-iot-lampe-aus-wien\\\/\",\"url\":\"https:\\\/\\\/www.wespeakiot.com\\\/de\\\/ebv-iot-hero-smarte-iot-lampe-aus-wien\\\/\",\"name\":\"EBV IoT Hero: Smarte IoT Lampe aus Wien - We speak IoT\",\"isPartOf\":{\"@id\":\"https:\\\/\\\/www.wespeakiot.com\\\/de\\\/#website\"},\"primaryImageOfPage\":{\"@id\":\"https:\\\/\\\/www.wespeakiot.com\\\/de\\\/ebv-iot-hero-smarte-iot-lampe-aus-wien\\\/#primaryimage\"},\"image\":{\"@id\":\"https:\\\/\\\/www.wespeakiot.com\\\/de\\\/ebv-iot-hero-smarte-iot-lampe-aus-wien\\\/#primaryimage\"},\"thumbnailUrl\":\"https:\\\/\\\/www.wespeakiot.com\\\/wp-content\\\/uploads\\\/2018\\\/05\\\/smarte_lampe_aus_wien-1.jpg\",\"datePublished\":\"2018-06-01T13:32:08+00:00\",\"dateModified\":\"2018-06-01T13:35:05+00:00\",\"description\":\"Wer ist das innovativste, aussichtsreichste europ\u00e4ische IoT-Startup? Das wollte EBV Elektronik feststellen und schrieb dazu w\u00e4hrend des IoT\\\/WT Innovation World Cup 2017 den Sonderpreis EBV IoT Hero aus.\",\"breadcrumb\":{\"@id\":\"https:\\\/\\\/www.wespeakiot.com\\\/de\\\/ebv-iot-hero-smarte-iot-lampe-aus-wien\\\/#breadcrumb\"},\"inLanguage\":\"de\",\"potentialAction\":[{\"@type\":\"ReadAction\",\"target\":[\"https:\\\/\\\/www.wespeakiot.com\\\/de\\\/ebv-iot-hero-smarte-iot-lampe-aus-wien\\\/\"]}]},{\"@type\":\"ImageObject\",\"inLanguage\":\"de\",\"@id\":\"https:\\\/\\\/www.wespeakiot.com\\\/de\\\/ebv-iot-hero-smarte-iot-lampe-aus-wien\\\/#primaryimage\",\"url\":\"https:\\\/\\\/www.wespeakiot.com\\\/wp-content\\\/uploads\\\/2018\\\/05\\\/smarte_lampe_aus_wien-1.jpg\",\"contentUrl\":\"https:\\\/\\\/www.wespeakiot.com\\\/wp-content\\\/uploads\\\/2018\\\/05\\\/smarte_lampe_aus_wien-1.jpg\",\"width\":960,\"height\":640,\"caption\":\"EVB IoT Hero Lampe Luke Roberts\"},{\"@type\":\"BreadcrumbList\",\"@id\":\"https:\\\/\\\/www.wespeakiot.com\\\/de\\\/ebv-iot-hero-smarte-iot-lampe-aus-wien\\\/#breadcrumb\",\"itemListElement\":[{\"@type\":\"ListItem\",\"position\":1,\"name\":\"Home\",\"item\":\"https:\\\/\\\/www.wespeakiot.com\\\/de\\\/\"},{\"@type\":\"ListItem\",\"position\":2,\"name\":\"EBV IoT Hero: Smarte IoT Lampe aus Wien\"}]},{\"@type\":\"WebSite\",\"@id\":\"https:\\\/\\\/www.wespeakiot.com\\\/de\\\/#website\",\"url\":\"https:\\\/\\\/www.wespeakiot.com\\\/de\\\/\",\"name\":\"WeSpeakIoT\",\"description\":\"Inside the Internet of Things\",\"publisher\":{\"@id\":\"https:\\\/\\\/www.wespeakiot.com\\\/de\\\/#organization\"},\"potentialAction\":[{\"@type\":\"SearchAction\",\"target\":{\"@type\":\"EntryPoint\",\"urlTemplate\":\"https:\\\/\\\/www.wespeakiot.com\\\/de\\\/?s={search_term_string}\"},\"query-input\":{\"@type\":\"PropertyValueSpecification\",\"valueRequired\":true,\"valueName\":\"search_term_string\"}}],\"inLanguage\":\"de\"},{\"@type\":\"Organization\",\"@id\":\"https:\\\/\\\/www.wespeakiot.com\\\/de\\\/#organization\",\"name\":\"WeSpeakIoT - Inside the Internet of Things\",\"url\":\"https:\\\/\\\/www.wespeakiot.com\\\/de\\\/\",\"logo\":{\"@type\":\"ImageObject\",\"inLanguage\":\"de\",\"@id\":\"https:\\\/\\\/www.wespeakiot.com\\\/de\\\/#\\\/schema\\\/logo\\\/image\\\/\",\"url\":\"https:\\\/\\\/www.wespeakiot.com\\\/wp-content\\\/uploads\\\/2025\\\/08\\\/wespeakiot-logo-696x696-1.jpg\",\"contentUrl\":\"https:\\\/\\\/www.wespeakiot.com\\\/wp-content\\\/uploads\\\/2025\\\/08\\\/wespeakiot-logo-696x696-1.jpg\",\"width\":696,\"height\":696,\"caption\":\"WeSpeakIoT - Inside the Internet of Things\"},\"image\":{\"@id\":\"https:\\\/\\\/www.wespeakiot.com\\\/de\\\/#\\\/schema\\\/logo\\\/image\\\/\"}},{\"@type\":\"Person\",\"@id\":\"https:\\\/\\\/www.wespeakiot.com\\\/de\\\/#\\\/schema\\\/person\\\/f7fc26ad99702ff175fe7dc16d590925\",\"name\":\"Editorial Staff\",\"image\":{\"@type\":\"ImageObject\",\"inLanguage\":\"de\",\"@id\":\"https:\\\/\\\/www.wespeakiot.com\\\/wp-content\\\/uploads\\\/2017\\\/07\\\/wsi_logo_black-100x100.jpg\",\"url\":\"https:\\\/\\\/www.wespeakiot.com\\\/wp-content\\\/uploads\\\/2017\\\/07\\\/wsi_logo_black-100x100.jpg\",\"contentUrl\":\"https:\\\/\\\/www.wespeakiot.com\\\/wp-content\\\/uploads\\\/2017\\\/07\\\/wsi_logo_black-100x100.jpg\",\"caption\":\"Editorial Staff\"},\"url\":\"https:\\\/\\\/www.wespeakiot.com\\\/de\\\/author\\\/estaff\\\/\"}]}<\/script>\n<!-- \/ Yoast SEO plugin. -->","yoast_head_json":{"title":"EBV IoT Hero: Smarte IoT Lampe aus Wien - We speak IoT","description":"Wer ist das innovativste, aussichtsreichste europ\u00e4ische IoT-Startup? Das wollte EBV Elektronik feststellen und schrieb dazu w\u00e4hrend des IoT\/WT Innovation World Cup 2017 den Sonderpreis EBV IoT Hero aus.","robots":{"index":"index","follow":"follow","max-snippet":"max-snippet:-1","max-image-preview":"max-image-preview:large","max-video-preview":"max-video-preview:-1"},"canonical":"https:\/\/www.wespeakiot.com\/de\/ebv-iot-hero-smarte-iot-lampe-aus-wien\/","og_locale":"de_DE","og_type":"article","og_title":"EBV IoT Hero: Smarte IoT Lampe aus Wien - We speak IoT","og_description":"Wer ist das innovativste, aussichtsreichste europ\u00e4ische IoT-Startup? Das wollte EBV Elektronik feststellen und schrieb dazu w\u00e4hrend des IoT\/WT Innovation World Cup 2017 den Sonderpreis EBV IoT Hero aus.","og_url":"https:\/\/www.wespeakiot.com\/de\/ebv-iot-hero-smarte-iot-lampe-aus-wien\/","og_site_name":"We speak IoT","article_published_time":"2018-06-01T13:32:08+00:00","article_modified_time":"2018-06-01T13:35:05+00:00","og_image":[{"width":960,"height":640,"url":"https:\/\/www.wespeakiot.com\/wp-content\/uploads\/2018\/05\/smarte_lampe_aus_wien-1.jpg","type":"image\/jpeg"}],"author":"Editorial Staff","twitter_card":"summary_large_image","twitter_misc":{"Verfasst von":"Editorial Staff","Gesch\u00e4tzte Lesezeit":"3\u00a0Minuten"},"schema":{"@context":"https:\/\/schema.org","@graph":[{"@type":"NewsArticle","@id":"https:\/\/www.wespeakiot.com\/de\/ebv-iot-hero-smarte-iot-lampe-aus-wien\/#article","isPartOf":{"@id":"https:\/\/www.wespeakiot.com\/de\/ebv-iot-hero-smarte-iot-lampe-aus-wien\/"},"author":{"name":"Editorial Staff","@id":"https:\/\/www.wespeakiot.com\/de\/#\/schema\/person\/f7fc26ad99702ff175fe7dc16d590925"},"headline":"EBV IoT Hero: Smarte IoT Lampe aus Wien","datePublished":"2018-06-01T13:32:08+00:00","dateModified":"2018-06-01T13:35:05+00:00","mainEntityOfPage":{"@id":"https:\/\/www.wespeakiot.com\/de\/ebv-iot-hero-smarte-iot-lampe-aus-wien\/"},"wordCount":670,"commentCount":0,"publisher":{"@id":"https:\/\/www.wespeakiot.com\/de\/#organization"},"image":{"@id":"https:\/\/www.wespeakiot.com\/de\/ebv-iot-hero-smarte-iot-lampe-aus-wien\/#primaryimage"},"thumbnailUrl":"https:\/\/www.wespeakiot.com\/wp-content\/uploads\/2018\/05\/smarte_lampe_aus_wien-1.jpg","keywords":["EBV IoT Hero","IoT","Lampe","Leuchte","Luke Roberts","Startup"],"articleSection":["Geb\u00e4udeautomation","Schlagzeilen"],"inLanguage":"de","potentialAction":[{"@type":"CommentAction","name":"Comment","target":["https:\/\/www.wespeakiot.com\/de\/ebv-iot-hero-smarte-iot-lampe-aus-wien\/#respond"]}]},{"@type":"WebPage","@id":"https:\/\/www.wespeakiot.com\/de\/ebv-iot-hero-smarte-iot-lampe-aus-wien\/","url":"https:\/\/www.wespeakiot.com\/de\/ebv-iot-hero-smarte-iot-lampe-aus-wien\/","name":"EBV IoT Hero: Smarte IoT Lampe aus Wien - We speak IoT","isPartOf":{"@id":"https:\/\/www.wespeakiot.com\/de\/#website"},"primaryImageOfPage":{"@id":"https:\/\/www.wespeakiot.com\/de\/ebv-iot-hero-smarte-iot-lampe-aus-wien\/#primaryimage"},"image":{"@id":"https:\/\/www.wespeakiot.com\/de\/ebv-iot-hero-smarte-iot-lampe-aus-wien\/#primaryimage"},"thumbnailUrl":"https:\/\/www.wespeakiot.com\/wp-content\/uploads\/2018\/05\/smarte_lampe_aus_wien-1.jpg","datePublished":"2018-06-01T13:32:08+00:00","dateModified":"2018-06-01T13:35:05+00:00","description":"Wer ist das innovativste, aussichtsreichste europ\u00e4ische IoT-Startup? Das wollte EBV Elektronik feststellen und schrieb dazu w\u00e4hrend des IoT\/WT Innovation World Cup 2017 den Sonderpreis EBV IoT Hero aus.","breadcrumb":{"@id":"https:\/\/www.wespeakiot.com\/de\/ebv-iot-hero-smarte-iot-lampe-aus-wien\/#breadcrumb"},"inLanguage":"de","potentialAction":[{"@type":"ReadAction","target":["https:\/\/www.wespeakiot.com\/de\/ebv-iot-hero-smarte-iot-lampe-aus-wien\/"]}]},{"@type":"ImageObject","inLanguage":"de","@id":"https:\/\/www.wespeakiot.com\/de\/ebv-iot-hero-smarte-iot-lampe-aus-wien\/#primaryimage","url":"https:\/\/www.wespeakiot.com\/wp-content\/uploads\/2018\/05\/smarte_lampe_aus_wien-1.jpg","contentUrl":"https:\/\/www.wespeakiot.com\/wp-content\/uploads\/2018\/05\/smarte_lampe_aus_wien-1.jpg","width":960,"height":640,"caption":"EVB IoT Hero Lampe Luke Roberts"},{"@type":"BreadcrumbList","@id":"https:\/\/www.wespeakiot.com\/de\/ebv-iot-hero-smarte-iot-lampe-aus-wien\/#breadcrumb","itemListElement":[{"@type":"ListItem","position":1,"name":"Home","item":"https:\/\/www.wespeakiot.com\/de\/"},{"@type":"ListItem","position":2,"name":"EBV IoT Hero: Smarte IoT Lampe aus Wien"}]},{"@type":"WebSite","@id":"https:\/\/www.wespeakiot.com\/de\/#website","url":"https:\/\/www.wespeakiot.com\/de\/","name":"WeSpeakIoT","description":"Inside the Internet of Things","publisher":{"@id":"https:\/\/www.wespeakiot.com\/de\/#organization"},"potentialAction":[{"@type":"SearchAction","target":{"@type":"EntryPoint","urlTemplate":"https:\/\/www.wespeakiot.com\/de\/?s={search_term_string}"},"query-input":{"@type":"PropertyValueSpecification","valueRequired":true,"valueName":"search_term_string"}}],"inLanguage":"de"},{"@type":"Organization","@id":"https:\/\/www.wespeakiot.com\/de\/#organization","name":"WeSpeakIoT - Inside the Internet of Things","url":"https:\/\/www.wespeakiot.com\/de\/","logo":{"@type":"ImageObject","inLanguage":"de","@id":"https:\/\/www.wespeakiot.com\/de\/#\/schema\/logo\/image\/","url":"https:\/\/www.wespeakiot.com\/wp-content\/uploads\/2025\/08\/wespeakiot-logo-696x696-1.jpg","contentUrl":"https:\/\/www.wespeakiot.com\/wp-content\/uploads\/2025\/08\/wespeakiot-logo-696x696-1.jpg","width":696,"height":696,"caption":"WeSpeakIoT - Inside the Internet of Things"},"image":{"@id":"https:\/\/www.wespeakiot.com\/de\/#\/schema\/logo\/image\/"}},{"@type":"Person","@id":"https:\/\/www.wespeakiot.com\/de\/#\/schema\/person\/f7fc26ad99702ff175fe7dc16d590925","name":"Editorial Staff","image":{"@type":"ImageObject","inLanguage":"de","@id":"https:\/\/www.wespeakiot.com\/wp-content\/uploads\/2017\/07\/wsi_logo_black-100x100.jpg","url":"https:\/\/www.wespeakiot.com\/wp-content\/uploads\/2017\/07\/wsi_logo_black-100x100.jpg","contentUrl":"https:\/\/www.wespeakiot.com\/wp-content\/uploads\/2017\/07\/wsi_logo_black-100x100.jpg","caption":"Editorial Staff"},"url":"https:\/\/www.wespeakiot.com\/de\/author\/estaff\/"}]}},"wp-worthy-pixel":{"ignored":false,"public":null,"server":null,"url":null},"wp-worthy-type":"normal","cc_featured_image_caption":{"caption_text":"Pressefoto: Luke Roberts","source_text":"","source_url":""},"_links":{"self":[{"href":"https:\/\/www.wespeakiot.com\/de\/wp-json\/wp\/v2\/posts\/7242","targetHints":{"allow":["GET"]}}],"collection":[{"href":"https:\/\/www.wespeakiot.com\/de\/wp-json\/wp\/v2\/posts"}],"about":[{"href":"https:\/\/www.wespeakiot.com\/de\/wp-json\/wp\/v2\/types\/post"}],"author":[{"embeddable":true,"href":"https:\/\/www.wespeakiot.com\/de\/wp-json\/wp\/v2\/users\/24"}],"replies":[{"embeddable":true,"href":"https:\/\/www.wespeakiot.com\/de\/wp-json\/wp\/v2\/comments?post=7242"}],"version-history":[{"count":0,"href":"https:\/\/www.wespeakiot.com\/de\/wp-json\/wp\/v2\/posts\/7242\/revisions"}],"wp:featuredmedia":[{"embeddable":true,"href":"https:\/\/www.wespeakiot.com\/de\/wp-json\/wp\/v2\/media\/7257"}],"wp:attachment":[{"href":"https:\/\/www.wespeakiot.com\/de\/wp-json\/wp\/v2\/media?parent=7242"}],"wp:term":[{"taxonomy":"category","embeddable":true,"href":"https:\/\/www.wespeakiot.com\/de\/wp-json\/wp\/v2\/categories?post=7242"},{"taxonomy":"post_tag","embeddable":true,"href":"https:\/\/www.wespeakiot.com\/de\/wp-json\/wp\/v2\/tags?post=7242"}],"curies":[{"name":"wp","href":"https:\/\/api.w.org\/{rel}","templated":true}]}}