{"id":8659,"date":"2019-02-15T09:51:21","date_gmt":"2019-02-15T08:51:21","guid":{"rendered":"https:\/\/www.wespeakiot.com\/?p=8659"},"modified":"2019-03-18T13:12:46","modified_gmt":"2019-03-18T12:12:46","slug":"digitalisierung-der-energieversorgung-und-wohnungswirtschaft-ein-schwerpunktthema-der-e-world","status":"publish","type":"post","link":"https:\/\/www.wespeakiot.com\/de\/digitalisierung-der-energieversorgung-und-wohnungswirtschaft-ein-schwerpunktthema-der-e-world\/","title":{"rendered":"Digitalisierung der Energieversorgung und Wohnungswirtschaft ein Schwerpunktthema der E-World"},"content":{"rendered":"<div class=\"ccfic\"><span class=\"ccfic-text\">E-World Essen am Stand der innogy in Halle 3<\/span> <span class=\"ccfic-source\">Foto: Dennis Knake\/Lemonbeat GmbH<\/span><\/div>\n<h2>Einen Ausblick auf die Zukunft der Energieversorgung konnte der geneigte Messebesucher in der vergangenen Woche auf der diesj\u00e4hrigen E-World energy &amp; water in Essen gewinnen.<\/h2>\n<p>Die bereits seit 2001 j\u00e4hrlich ausgerichtete <a href=\"https:\/\/www.e-world-essen.com\/de\/\" target=\"_blank\" rel=\"noopener noreferrer\">E-World<\/a> gilt als Leitmesse der Energiewirtschaft und konnte auch 2019 w\u00e4hrend den 3 Veranstaltungstagen neue H\u00f6chstmarken erreichen. 780 Aussteller aus 26 L\u00e4ndern pr\u00e4sentierten den \u00fcber 25.000 Fachbesuchern ihre neuen Ger\u00e4te, Produkte und Dienstleistungen.<\/p>\n<h3>&#8222;Place to be&#8220;<\/h3>\n<p>\u201e<em>Europas Leitmesse der Energiewirtschaft hat erneut unterstrichen, dass sie der \u2018Place to be\u2019 f\u00fcr die gesamte Branche ist. Das zeigt auch der hohe Anteil der internationalen Besucher, der um zehn Prozent h\u00f6her lag als im Vorjahr. Besonders freut uns, dass wir erneut mehr Entscheider begr\u00fc\u00dfen konnten. Vier von f\u00fcnf E-world-Besuchern haben eine Leitungsfunktion inne, das spiegelt die Bedeutung der Fachmesse bestens wider.<\/em>\u201c &#8211; Oliver P. Kuhrt (Messe Essen)<\/p>\n<p>Auch in diesem Jahr war einer der Themenschwerpunkte auf der E-World erneut die fortschreitende Digitalisierung in den Bereichen der Energieversorgung und <a href=\"https:\/\/www.lemonbeat.de\/lean-building-management-2\/\" target=\"_blank\" rel=\"noopener noreferrer\">Immobilienwirtschaft<\/a>. Die <a href=\"https:\/\/www.wespeakiot.com\/de\/digitalisierung-in-der-immobilienbranche\/\" target=\"_blank\" rel=\"noopener noreferrer\">Digitalisierung<\/a> bietet neue, \u201eintelligente\u201c L\u00f6sungen zur Vernetzung der Energieversorgung ganzer Quartiere; zur ressourcenschonenden Steuerung des Stromverbrauch von Haushalten und gar zum Aufbau und der Verbesserung einer Infrastruktur f\u00fcr Elektromobilit\u00e4t.<\/p>\n<h3>Klimafreundliche, ressourcenschonende Technik<\/h3>\n<p>Intelligent ausgestattete, vernetzte Ger\u00e4te und Geb\u00e4ude k\u00f6nnen die begrenzten Ressourcen entscheidend schonen \u2013 mit Hinblick auf den fortschreitenden Klimawandel ein viel zu lange vernachl\u00e4ssigter Aspekt. So demonstrierten verschiedene Aussteller auf der E-World 2019, wie ein \u00fcberregionales <a href=\"https:\/\/www.lemonbeat.de\/lean-metering-2\/\" target=\"_blank\" rel=\"noopener noreferrer\">Energiemanagement<\/a> funktionieren kann, wenn H\u00e4user oder Quartiere auch mit lokal erzeugter Energie versorgt und dar\u00fcber hinaus sogar Elektrofahrzeuge in die Versorgung integriert werden.<\/p>\n<p>Zum Thema der e-Mobilit\u00e4t pr\u00e4sentierte dazu u.a. die Essener <a href=\"https:\/\/news.innogy.com\/smarte-energiewelt\/\" target=\"_blank\" rel=\"noopener noreferrer\">Innogy SE<\/a> moderne Ladeboxen und Ladestationen zum privaten und gewerblichen Einsatz.<\/p>\n<p>\u201e<em>Wir haben dem wie immer ausgesprochen versiertem internationalen Fachpublikum eine Vielzahl neuartiger Produkte von Smart Home \u00fcber E-mobility und Energieeinsparl\u00f6sungen bis hin zu diversen Netzdienstleistungen vorstellen k\u00f6nnen. Zum Thema Elektromobilit\u00e4t waren wir besonders stolz, dass wir mit unserer neuen Generation Lades\u00e4ulen auf der gr\u00f6\u00dften deutschen Energiemesse eine Weltpremiere pr\u00e4sentieren konnten.<\/em>\u201c &#8211; Stefan von Dobsch\u00fctz (innogy eMobility Solutions GmbH)<\/p>\n<p>Interessant auch der \u201e<a href=\"http:\/\/m5bat.de\/de-de\/\" target=\"_blank\" rel=\"noopener noreferrer\">M5BAT<\/a>\u201c der D\u00fcsseldorfer <a href=\"https:\/\/www.uniper.energy\/de\" target=\"_blank\" rel=\"noopener noreferrer\">Uniper SE<\/a>, ein hybrider Energiespeicher f\u00fcr erneuerbare Energien, der speziell entwickelt wurde, um Leistungsschwankungen im Netz abzufangen und auszugleichen.<\/p>\n<p>\u201e<em>Unsere Produktneuheit der \u201aGr\u00fcnen Vollversorgung\u2018, mit der wir Weiterverteilungs- und Industriekunden eine zuverl\u00e4ssige Strom-Vollversorgung und gleichzeitig flexible Herkunftsnachweise f\u00fcr die komplette Liefermenge anbieten, wurde sehr gut angenommen.<\/em>\u201c &#8211; Gundolf Schweppe (Uniper)<\/p>\n<p>Ebenso spannend der \u201eintelligente Heizungskeller\u201c der Dortmunder Lemonbeat GmbH, die mit ihrem \u201e<a href=\"https:\/\/www.lemonbeat.de\/lean-metering-2\/\" target=\"_blank\" rel=\"noopener noreferrer\">Lean Metering<\/a>\u201c Konzept ein Komplettpaket zur Verbrauchsdatenerfassung (Strom, Gas, Wasser etc.) f\u00fcr die <a href=\"https:\/\/www.lemonbeat.de\/lean-building-management-2\/\" target=\"_blank\" rel=\"noopener noreferrer\">Immobilienwirtschaft<\/a> anbieten, mit dem sich nicht nur Betriebskosten optimieren, sondern auch Emissionen reduzieren lassen.<\/p>\n<div id=\"attachment_8684\" style=\"width: 2058px\" class=\"wp-caption aligncenter\"><img loading=\"lazy\" decoding=\"async\" aria-describedby=\"caption-attachment-8684\" class=\"size-full wp-image-8684\" src=\"https:\/\/www.wespeakiot.com\/wp-content\/uploads\/2019\/02\/IMG_8462.jpg\" alt=\"GdW Delegation visiting innogy\/Lemonbeat Stand at e-World 2019\" width=\"2048\" height=\"1365\" \/><p id=\"caption-attachment-8684\" class=\"wp-caption-text\">GdW Delegation am innogy\/Lemonbeat Stand auf der-World 2019. Foto: Dennis Knake\/Lemonbeat GmbH<\/p><\/div>\n<p>\u201e<em>Die Digitalisierung der Wohnungswirtschaft war auf der e-World ein hei\u00dfes Thema. Mit unserer L\u00f6sung f\u00fcr die smarte Verbrauchsdatenerfassung im Wohngeb\u00e4ude kam in den drei Tagen wahrlich keine Langeweile auf. Besonders gefreut haben wir uns \u00fcber die Aufmerksamkeit des Pr\u00e4sidenten des Bundesverbandes deutscher Wohnungs- und Immobilienunternehmen (GdW) Herrn Axel Gedaschko in Begleitung weiterer namhafter Vertreter der deutschen Immobilien- und Wohnungswirtschaft. Auch der Besuch des E.ON Vorstandsvorsitzenden Dr. Johannes Teyssen war f\u00fcr uns ein Highlight. So bot die Messe f\u00fcr uns die perfekte Gelegenheit, der Branche unsere L\u00f6sung, die sich vor allem auch zum flexiblen Nachr\u00fcsten im Bestand eignet, n\u00e4her zu bringen!&#8220;<\/em> &#8211;\u00a0Guido Vogel (Lemonbeat)<\/p>\n<p>Daneben wurden u.a. aber auch Verbraucher-Portale vorgestellt, die Energieversorger ihren Kunden zur Verf\u00fcgung stellen k\u00f6nnen &#8211; und die f\u00fcr erheblich mehr Transparenz beim Energieverbrauch sorgen. Dar\u00fcber hinaus gab es Fahrzeuge zu bestaunen, die mit Biomethan aus Strohballen fuhren, smarte Stra\u00dfenlaternen, die WLAN anbieten, freie Parkpl\u00e4tze anzeigen; als Ladestation f\u00fcr E-Autos dienen und vieles mehr.<\/p>\n<p>Auch im kommenden Jahr werden con|energy und Messe Essen erneut zur E-World \u201eenergy &amp; water\u201c laden.<\/p>\n<p>Weiterf\u00fchrende Informationen zur E-World und einigen der Austeller finden Sie bei Interesse unter den nachfolgenden URLs:<\/p>\n<p><a href=\"https:\/\/www.e-world-essen.com\/de\/\" target=\"_blank\" rel=\"noopener noreferrer\">E-World &#8222;energy &amp; water&#8220;<\/a><br \/>\n<a href=\"https:\/\/news.innogy.com\/\" target=\"_blank\" rel=\"noopener noreferrer\">Innogy SE<\/a><br \/>\n<a href=\"http:\/\/www.lemonbeat.de\" target=\"_blank\" rel=\"noopener noreferrer\">Lemonbeat<\/a><\/p>\n","protected":false},"excerpt":{"rendered":"<p> 780 Aussteller aus 26 L\u00e4ndern pr\u00e4sentierten den \u00fcber 25.000 Fachbesuchern ihre Ger\u00e4te, Produkte und Dienstleistungen auf der E-World 2019 in Essen.<\/p>\n","protected":false},"author":24,"featured_media":8681,"comment_status":"open","ping_status":"open","sticky":false,"template":"","format":"standard","meta":{"footnotes":""},"categories":[1974,1957,1968],"tags":[6318,6317,6320,6319,6287],"class_list":["post-8659","post","type-post","status-publish","format-standard","has-post-thumbnail","hentry","category-gebaeudeautomation","category-smartenergy","category-veranstaltungen","tag-e-world-de","tag-energy-and-water","tag-essen-de","tag-innogy-de","tag-lemonbeat-de"],"yoast_head":"<!-- This site is optimized with the Yoast SEO plugin v27.5 - https:\/\/yoast.com\/product\/yoast-seo-wordpress\/ -->\n<title>Digitalisierung der Energieversorgung und Wohnungswirtschaft ein Schwerpunktthema der E-World - We speak IoT<\/title>\n<meta name=\"description\" content=\"Die Digitalisierung der Energieversorgung und Wohnungswirtschaft stand auf der diesj\u00e4hrigen E-World in Essen hoch im Kurs. Unser Messer\u00fcckblick.\" \/>\n<meta name=\"robots\" content=\"index, follow, max-snippet:-1, max-image-preview:large, max-video-preview:-1\" \/>\n<link rel=\"canonical\" href=\"https:\/\/www.wespeakiot.com\/de\/digitalisierung-der-energieversorgung-und-wohnungswirtschaft-ein-schwerpunktthema-der-e-world\/\" \/>\n<meta property=\"og:locale\" content=\"de_DE\" \/>\n<meta property=\"og:type\" content=\"article\" \/>\n<meta property=\"og:title\" content=\"Digitalisierung der Energieversorgung und Wohnungswirtschaft ein Schwerpunktthema der E-World - We speak IoT\" \/>\n<meta property=\"og:description\" content=\"Die Digitalisierung der Energieversorgung und Wohnungswirtschaft stand auf der diesj\u00e4hrigen E-World in Essen hoch im Kurs. Unser Messer\u00fcckblick.\" \/>\n<meta property=\"og:url\" content=\"https:\/\/www.wespeakiot.com\/de\/digitalisierung-der-energieversorgung-und-wohnungswirtschaft-ein-schwerpunktthema-der-e-world\/\" \/>\n<meta property=\"og:site_name\" content=\"We speak IoT\" \/>\n<meta property=\"article:published_time\" content=\"2019-02-15T08:51:21+00:00\" \/>\n<meta property=\"article:modified_time\" content=\"2019-03-18T12:12:46+00:00\" \/>\n<meta property=\"og:image\" content=\"https:\/\/www.wespeakiot.com\/wp-content\/uploads\/2019\/02\/IMG_8552-scaled.jpg\" \/>\n\t<meta property=\"og:image:width\" content=\"1920\" \/>\n\t<meta property=\"og:image:height\" content=\"1280\" \/>\n\t<meta property=\"og:image:type\" content=\"image\/jpeg\" \/>\n<meta name=\"author\" content=\"Editorial Staff\" \/>\n<meta name=\"twitter:card\" content=\"summary_large_image\" \/>\n<meta name=\"twitter:label1\" content=\"Verfasst von\" \/>\n\t<meta name=\"twitter:data1\" content=\"Editorial Staff\" \/>\n\t<meta name=\"twitter:label2\" content=\"Gesch\u00e4tzte Lesezeit\" \/>\n\t<meta name=\"twitter:data2\" content=\"3\u00a0Minuten\" \/>\n<script type=\"application\/ld+json\" class=\"yoast-schema-graph\">{\"@context\":\"https:\\\/\\\/schema.org\",\"@graph\":[{\"@type\":\"NewsArticle\",\"@id\":\"https:\\\/\\\/www.wespeakiot.com\\\/de\\\/digitalisierung-der-energieversorgung-und-wohnungswirtschaft-ein-schwerpunktthema-der-e-world\\\/#article\",\"isPartOf\":{\"@id\":\"https:\\\/\\\/www.wespeakiot.com\\\/de\\\/digitalisierung-der-energieversorgung-und-wohnungswirtschaft-ein-schwerpunktthema-der-e-world\\\/\"},\"author\":{\"name\":\"Editorial Staff\",\"@id\":\"https:\\\/\\\/www.wespeakiot.com\\\/de\\\/#\\\/schema\\\/person\\\/f7fc26ad99702ff175fe7dc16d590925\"},\"headline\":\"Digitalisierung der Energieversorgung und Wohnungswirtschaft ein Schwerpunktthema der E-World\",\"datePublished\":\"2019-02-15T08:51:21+00:00\",\"dateModified\":\"2019-03-18T12:12:46+00:00\",\"mainEntityOfPage\":{\"@id\":\"https:\\\/\\\/www.wespeakiot.com\\\/de\\\/digitalisierung-der-energieversorgung-und-wohnungswirtschaft-ein-schwerpunktthema-der-e-world\\\/\"},\"wordCount\":699,\"commentCount\":0,\"publisher\":{\"@id\":\"https:\\\/\\\/www.wespeakiot.com\\\/de\\\/#organization\"},\"image\":{\"@id\":\"https:\\\/\\\/www.wespeakiot.com\\\/de\\\/digitalisierung-der-energieversorgung-und-wohnungswirtschaft-ein-schwerpunktthema-der-e-world\\\/#primaryimage\"},\"thumbnailUrl\":\"https:\\\/\\\/www.wespeakiot.com\\\/wp-content\\\/uploads\\\/2019\\\/02\\\/IMG_8552-scaled.jpg\",\"keywords\":[\"E-World\",\"energy and water\",\"Essen\",\"Innogy\",\"Lemonbeat\"],\"articleSection\":[\"Geb\u00e4udeautomation\",\"Smart Energy\",\"Veranstaltungen\"],\"inLanguage\":\"de\",\"potentialAction\":[{\"@type\":\"CommentAction\",\"name\":\"Comment\",\"target\":[\"https:\\\/\\\/www.wespeakiot.com\\\/de\\\/digitalisierung-der-energieversorgung-und-wohnungswirtschaft-ein-schwerpunktthema-der-e-world\\\/#respond\"]}]},{\"@type\":\"WebPage\",\"@id\":\"https:\\\/\\\/www.wespeakiot.com\\\/de\\\/digitalisierung-der-energieversorgung-und-wohnungswirtschaft-ein-schwerpunktthema-der-e-world\\\/\",\"url\":\"https:\\\/\\\/www.wespeakiot.com\\\/de\\\/digitalisierung-der-energieversorgung-und-wohnungswirtschaft-ein-schwerpunktthema-der-e-world\\\/\",\"name\":\"Digitalisierung der Energieversorgung und Wohnungswirtschaft ein Schwerpunktthema der E-World - We speak IoT\",\"isPartOf\":{\"@id\":\"https:\\\/\\\/www.wespeakiot.com\\\/de\\\/#website\"},\"primaryImageOfPage\":{\"@id\":\"https:\\\/\\\/www.wespeakiot.com\\\/de\\\/digitalisierung-der-energieversorgung-und-wohnungswirtschaft-ein-schwerpunktthema-der-e-world\\\/#primaryimage\"},\"image\":{\"@id\":\"https:\\\/\\\/www.wespeakiot.com\\\/de\\\/digitalisierung-der-energieversorgung-und-wohnungswirtschaft-ein-schwerpunktthema-der-e-world\\\/#primaryimage\"},\"thumbnailUrl\":\"https:\\\/\\\/www.wespeakiot.com\\\/wp-content\\\/uploads\\\/2019\\\/02\\\/IMG_8552-scaled.jpg\",\"datePublished\":\"2019-02-15T08:51:21+00:00\",\"dateModified\":\"2019-03-18T12:12:46+00:00\",\"description\":\"Die Digitalisierung der Energieversorgung und Wohnungswirtschaft stand auf der diesj\u00e4hrigen E-World in Essen hoch im Kurs. Unser Messer\u00fcckblick.\",\"breadcrumb\":{\"@id\":\"https:\\\/\\\/www.wespeakiot.com\\\/de\\\/digitalisierung-der-energieversorgung-und-wohnungswirtschaft-ein-schwerpunktthema-der-e-world\\\/#breadcrumb\"},\"inLanguage\":\"de\",\"potentialAction\":[{\"@type\":\"ReadAction\",\"target\":[\"https:\\\/\\\/www.wespeakiot.com\\\/de\\\/digitalisierung-der-energieversorgung-und-wohnungswirtschaft-ein-schwerpunktthema-der-e-world\\\/\"]}]},{\"@type\":\"ImageObject\",\"inLanguage\":\"de\",\"@id\":\"https:\\\/\\\/www.wespeakiot.com\\\/de\\\/digitalisierung-der-energieversorgung-und-wohnungswirtschaft-ein-schwerpunktthema-der-e-world\\\/#primaryimage\",\"url\":\"https:\\\/\\\/www.wespeakiot.com\\\/wp-content\\\/uploads\\\/2019\\\/02\\\/IMG_8552-scaled.jpg\",\"contentUrl\":\"https:\\\/\\\/www.wespeakiot.com\\\/wp-content\\\/uploads\\\/2019\\\/02\\\/IMG_8552-scaled.jpg\",\"width\":1920,\"height\":1280,\"caption\":\"E-World 2019 at innogy\\\/Lemonbeat\"},{\"@type\":\"BreadcrumbList\",\"@id\":\"https:\\\/\\\/www.wespeakiot.com\\\/de\\\/digitalisierung-der-energieversorgung-und-wohnungswirtschaft-ein-schwerpunktthema-der-e-world\\\/#breadcrumb\",\"itemListElement\":[{\"@type\":\"ListItem\",\"position\":1,\"name\":\"Home\",\"item\":\"https:\\\/\\\/www.wespeakiot.com\\\/de\\\/\"},{\"@type\":\"ListItem\",\"position\":2,\"name\":\"Digitalisierung der Energieversorgung und Wohnungswirtschaft ein Schwerpunktthema der E-World\"}]},{\"@type\":\"WebSite\",\"@id\":\"https:\\\/\\\/www.wespeakiot.com\\\/de\\\/#website\",\"url\":\"https:\\\/\\\/www.wespeakiot.com\\\/de\\\/\",\"name\":\"WeSpeakIoT\",\"description\":\"Inside the Internet of Things\",\"publisher\":{\"@id\":\"https:\\\/\\\/www.wespeakiot.com\\\/de\\\/#organization\"},\"potentialAction\":[{\"@type\":\"SearchAction\",\"target\":{\"@type\":\"EntryPoint\",\"urlTemplate\":\"https:\\\/\\\/www.wespeakiot.com\\\/de\\\/?s={search_term_string}\"},\"query-input\":{\"@type\":\"PropertyValueSpecification\",\"valueRequired\":true,\"valueName\":\"search_term_string\"}}],\"inLanguage\":\"de\"},{\"@type\":\"Organization\",\"@id\":\"https:\\\/\\\/www.wespeakiot.com\\\/de\\\/#organization\",\"name\":\"WeSpeakIoT - Inside the Internet of Things\",\"url\":\"https:\\\/\\\/www.wespeakiot.com\\\/de\\\/\",\"logo\":{\"@type\":\"ImageObject\",\"inLanguage\":\"de\",\"@id\":\"https:\\\/\\\/www.wespeakiot.com\\\/de\\\/#\\\/schema\\\/logo\\\/image\\\/\",\"url\":\"https:\\\/\\\/www.wespeakiot.com\\\/wp-content\\\/uploads\\\/2025\\\/08\\\/wespeakiot-logo-696x696-1.jpg\",\"contentUrl\":\"https:\\\/\\\/www.wespeakiot.com\\\/wp-content\\\/uploads\\\/2025\\\/08\\\/wespeakiot-logo-696x696-1.jpg\",\"width\":696,\"height\":696,\"caption\":\"WeSpeakIoT - Inside the Internet of Things\"},\"image\":{\"@id\":\"https:\\\/\\\/www.wespeakiot.com\\\/de\\\/#\\\/schema\\\/logo\\\/image\\\/\"}},{\"@type\":\"Person\",\"@id\":\"https:\\\/\\\/www.wespeakiot.com\\\/de\\\/#\\\/schema\\\/person\\\/f7fc26ad99702ff175fe7dc16d590925\",\"name\":\"Editorial Staff\",\"image\":{\"@type\":\"ImageObject\",\"inLanguage\":\"de\",\"@id\":\"https:\\\/\\\/www.wespeakiot.com\\\/wp-content\\\/uploads\\\/2017\\\/07\\\/wsi_logo_black-100x100.jpg\",\"url\":\"https:\\\/\\\/www.wespeakiot.com\\\/wp-content\\\/uploads\\\/2017\\\/07\\\/wsi_logo_black-100x100.jpg\",\"contentUrl\":\"https:\\\/\\\/www.wespeakiot.com\\\/wp-content\\\/uploads\\\/2017\\\/07\\\/wsi_logo_black-100x100.jpg\",\"caption\":\"Editorial Staff\"},\"url\":\"https:\\\/\\\/www.wespeakiot.com\\\/de\\\/author\\\/estaff\\\/\"}]}<\/script>\n<!-- \/ Yoast SEO plugin. -->","yoast_head_json":{"title":"Digitalisierung der Energieversorgung und Wohnungswirtschaft ein Schwerpunktthema der E-World - We speak IoT","description":"Die Digitalisierung der Energieversorgung und Wohnungswirtschaft stand auf der diesj\u00e4hrigen E-World in Essen hoch im Kurs. Unser Messer\u00fcckblick.","robots":{"index":"index","follow":"follow","max-snippet":"max-snippet:-1","max-image-preview":"max-image-preview:large","max-video-preview":"max-video-preview:-1"},"canonical":"https:\/\/www.wespeakiot.com\/de\/digitalisierung-der-energieversorgung-und-wohnungswirtschaft-ein-schwerpunktthema-der-e-world\/","og_locale":"de_DE","og_type":"article","og_title":"Digitalisierung der Energieversorgung und Wohnungswirtschaft ein Schwerpunktthema der E-World - We speak IoT","og_description":"Die Digitalisierung der Energieversorgung und Wohnungswirtschaft stand auf der diesj\u00e4hrigen E-World in Essen hoch im Kurs. Unser Messer\u00fcckblick.","og_url":"https:\/\/www.wespeakiot.com\/de\/digitalisierung-der-energieversorgung-und-wohnungswirtschaft-ein-schwerpunktthema-der-e-world\/","og_site_name":"We speak IoT","article_published_time":"2019-02-15T08:51:21+00:00","article_modified_time":"2019-03-18T12:12:46+00:00","og_image":[{"width":1920,"height":1280,"url":"https:\/\/www.wespeakiot.com\/wp-content\/uploads\/2019\/02\/IMG_8552-scaled.jpg","type":"image\/jpeg"}],"author":"Editorial Staff","twitter_card":"summary_large_image","twitter_misc":{"Verfasst von":"Editorial Staff","Gesch\u00e4tzte Lesezeit":"3\u00a0Minuten"},"schema":{"@context":"https:\/\/schema.org","@graph":[{"@type":"NewsArticle","@id":"https:\/\/www.wespeakiot.com\/de\/digitalisierung-der-energieversorgung-und-wohnungswirtschaft-ein-schwerpunktthema-der-e-world\/#article","isPartOf":{"@id":"https:\/\/www.wespeakiot.com\/de\/digitalisierung-der-energieversorgung-und-wohnungswirtschaft-ein-schwerpunktthema-der-e-world\/"},"author":{"name":"Editorial Staff","@id":"https:\/\/www.wespeakiot.com\/de\/#\/schema\/person\/f7fc26ad99702ff175fe7dc16d590925"},"headline":"Digitalisierung der Energieversorgung und Wohnungswirtschaft ein Schwerpunktthema der E-World","datePublished":"2019-02-15T08:51:21+00:00","dateModified":"2019-03-18T12:12:46+00:00","mainEntityOfPage":{"@id":"https:\/\/www.wespeakiot.com\/de\/digitalisierung-der-energieversorgung-und-wohnungswirtschaft-ein-schwerpunktthema-der-e-world\/"},"wordCount":699,"commentCount":0,"publisher":{"@id":"https:\/\/www.wespeakiot.com\/de\/#organization"},"image":{"@id":"https:\/\/www.wespeakiot.com\/de\/digitalisierung-der-energieversorgung-und-wohnungswirtschaft-ein-schwerpunktthema-der-e-world\/#primaryimage"},"thumbnailUrl":"https:\/\/www.wespeakiot.com\/wp-content\/uploads\/2019\/02\/IMG_8552-scaled.jpg","keywords":["E-World","energy and water","Essen","Innogy","Lemonbeat"],"articleSection":["Geb\u00e4udeautomation","Smart Energy","Veranstaltungen"],"inLanguage":"de","potentialAction":[{"@type":"CommentAction","name":"Comment","target":["https:\/\/www.wespeakiot.com\/de\/digitalisierung-der-energieversorgung-und-wohnungswirtschaft-ein-schwerpunktthema-der-e-world\/#respond"]}]},{"@type":"WebPage","@id":"https:\/\/www.wespeakiot.com\/de\/digitalisierung-der-energieversorgung-und-wohnungswirtschaft-ein-schwerpunktthema-der-e-world\/","url":"https:\/\/www.wespeakiot.com\/de\/digitalisierung-der-energieversorgung-und-wohnungswirtschaft-ein-schwerpunktthema-der-e-world\/","name":"Digitalisierung der Energieversorgung und Wohnungswirtschaft ein Schwerpunktthema der E-World - We speak IoT","isPartOf":{"@id":"https:\/\/www.wespeakiot.com\/de\/#website"},"primaryImageOfPage":{"@id":"https:\/\/www.wespeakiot.com\/de\/digitalisierung-der-energieversorgung-und-wohnungswirtschaft-ein-schwerpunktthema-der-e-world\/#primaryimage"},"image":{"@id":"https:\/\/www.wespeakiot.com\/de\/digitalisierung-der-energieversorgung-und-wohnungswirtschaft-ein-schwerpunktthema-der-e-world\/#primaryimage"},"thumbnailUrl":"https:\/\/www.wespeakiot.com\/wp-content\/uploads\/2019\/02\/IMG_8552-scaled.jpg","datePublished":"2019-02-15T08:51:21+00:00","dateModified":"2019-03-18T12:12:46+00:00","description":"Die Digitalisierung der Energieversorgung und Wohnungswirtschaft stand auf der diesj\u00e4hrigen E-World in Essen hoch im Kurs. Unser Messer\u00fcckblick.","breadcrumb":{"@id":"https:\/\/www.wespeakiot.com\/de\/digitalisierung-der-energieversorgung-und-wohnungswirtschaft-ein-schwerpunktthema-der-e-world\/#breadcrumb"},"inLanguage":"de","potentialAction":[{"@type":"ReadAction","target":["https:\/\/www.wespeakiot.com\/de\/digitalisierung-der-energieversorgung-und-wohnungswirtschaft-ein-schwerpunktthema-der-e-world\/"]}]},{"@type":"ImageObject","inLanguage":"de","@id":"https:\/\/www.wespeakiot.com\/de\/digitalisierung-der-energieversorgung-und-wohnungswirtschaft-ein-schwerpunktthema-der-e-world\/#primaryimage","url":"https:\/\/www.wespeakiot.com\/wp-content\/uploads\/2019\/02\/IMG_8552-scaled.jpg","contentUrl":"https:\/\/www.wespeakiot.com\/wp-content\/uploads\/2019\/02\/IMG_8552-scaled.jpg","width":1920,"height":1280,"caption":"E-World 2019 at innogy\/Lemonbeat"},{"@type":"BreadcrumbList","@id":"https:\/\/www.wespeakiot.com\/de\/digitalisierung-der-energieversorgung-und-wohnungswirtschaft-ein-schwerpunktthema-der-e-world\/#breadcrumb","itemListElement":[{"@type":"ListItem","position":1,"name":"Home","item":"https:\/\/www.wespeakiot.com\/de\/"},{"@type":"ListItem","position":2,"name":"Digitalisierung der Energieversorgung und Wohnungswirtschaft ein Schwerpunktthema der E-World"}]},{"@type":"WebSite","@id":"https:\/\/www.wespeakiot.com\/de\/#website","url":"https:\/\/www.wespeakiot.com\/de\/","name":"WeSpeakIoT","description":"Inside the Internet of Things","publisher":{"@id":"https:\/\/www.wespeakiot.com\/de\/#organization"},"potentialAction":[{"@type":"SearchAction","target":{"@type":"EntryPoint","urlTemplate":"https:\/\/www.wespeakiot.com\/de\/?s={search_term_string}"},"query-input":{"@type":"PropertyValueSpecification","valueRequired":true,"valueName":"search_term_string"}}],"inLanguage":"de"},{"@type":"Organization","@id":"https:\/\/www.wespeakiot.com\/de\/#organization","name":"WeSpeakIoT - Inside the Internet of Things","url":"https:\/\/www.wespeakiot.com\/de\/","logo":{"@type":"ImageObject","inLanguage":"de","@id":"https:\/\/www.wespeakiot.com\/de\/#\/schema\/logo\/image\/","url":"https:\/\/www.wespeakiot.com\/wp-content\/uploads\/2025\/08\/wespeakiot-logo-696x696-1.jpg","contentUrl":"https:\/\/www.wespeakiot.com\/wp-content\/uploads\/2025\/08\/wespeakiot-logo-696x696-1.jpg","width":696,"height":696,"caption":"WeSpeakIoT - Inside the Internet of Things"},"image":{"@id":"https:\/\/www.wespeakiot.com\/de\/#\/schema\/logo\/image\/"}},{"@type":"Person","@id":"https:\/\/www.wespeakiot.com\/de\/#\/schema\/person\/f7fc26ad99702ff175fe7dc16d590925","name":"Editorial Staff","image":{"@type":"ImageObject","inLanguage":"de","@id":"https:\/\/www.wespeakiot.com\/wp-content\/uploads\/2017\/07\/wsi_logo_black-100x100.jpg","url":"https:\/\/www.wespeakiot.com\/wp-content\/uploads\/2017\/07\/wsi_logo_black-100x100.jpg","contentUrl":"https:\/\/www.wespeakiot.com\/wp-content\/uploads\/2017\/07\/wsi_logo_black-100x100.jpg","caption":"Editorial Staff"},"url":"https:\/\/www.wespeakiot.com\/de\/author\/estaff\/"}]}},"wp-worthy-pixel":{"ignored":false,"public":null,"server":null,"url":null},"wp-worthy-type":"normal","cc_featured_image_caption":{"caption_text":"E-World Essen am Stand der innogy in Halle 3","source_text":"Foto: Dennis Knake\/Lemonbeat GmbH","source_url":""},"_links":{"self":[{"href":"https:\/\/www.wespeakiot.com\/de\/wp-json\/wp\/v2\/posts\/8659","targetHints":{"allow":["GET"]}}],"collection":[{"href":"https:\/\/www.wespeakiot.com\/de\/wp-json\/wp\/v2\/posts"}],"about":[{"href":"https:\/\/www.wespeakiot.com\/de\/wp-json\/wp\/v2\/types\/post"}],"author":[{"embeddable":true,"href":"https:\/\/www.wespeakiot.com\/de\/wp-json\/wp\/v2\/users\/24"}],"replies":[{"embeddable":true,"href":"https:\/\/www.wespeakiot.com\/de\/wp-json\/wp\/v2\/comments?post=8659"}],"version-history":[{"count":0,"href":"https:\/\/www.wespeakiot.com\/de\/wp-json\/wp\/v2\/posts\/8659\/revisions"}],"wp:featuredmedia":[{"embeddable":true,"href":"https:\/\/www.wespeakiot.com\/de\/wp-json\/wp\/v2\/media\/8681"}],"wp:attachment":[{"href":"https:\/\/www.wespeakiot.com\/de\/wp-json\/wp\/v2\/media?parent=8659"}],"wp:term":[{"taxonomy":"category","embeddable":true,"href":"https:\/\/www.wespeakiot.com\/de\/wp-json\/wp\/v2\/categories?post=8659"},{"taxonomy":"post_tag","embeddable":true,"href":"https:\/\/www.wespeakiot.com\/de\/wp-json\/wp\/v2\/tags?post=8659"}],"curies":[{"name":"wp","href":"https:\/\/api.w.org\/{rel}","templated":true}]}}