{"id":8864,"date":"2019-03-14T13:30:07","date_gmt":"2019-03-14T12:30:07","guid":{"rendered":"https:\/\/www.wespeakiot.com\/?p=8864"},"modified":"2019-03-14T13:30:07","modified_gmt":"2019-03-14T12:30:07","slug":"deutscher-innovationsgipfel-smarte-gebaeude-und-die-digitalisierung","status":"publish","type":"post","link":"https:\/\/www.wespeakiot.com\/de\/deutscher-innovationsgipfel-smarte-gebaeude-und-die-digitalisierung\/","title":{"rendered":"Deutscher Innovationsgipfel: Smarte Geb\u00e4ude und die Digitalisierung"},"content":{"rendered":"<div class=\"ccfic\"><span class=\"ccfic-text\">Fotos: DI\/Flickr\/ab - <\/span> <span class=\"ccfic-source\">12. Deutscher Innovationsgipfel<\/span><\/div>\n<h2>Am 14. M\u00e4rz beginnt in M\u00fcnchen der 12. Deutsche Innovationsgipfel \u2013 ein industriell- und technologie\u00fcbergreifendes Symposium, auf dem Digital-Pioniere, Vordenker und etablierte Experten ihr Wissen und ihre Erfahrungen weitergeben m\u00f6chten.<\/h2>\n<p>Fortschreitende <a href=\"https:\/\/www.wespeakiot.com\/de\/digitalisierung-der-energieversorgung-und-wohnungswirtschaft-ein-schwerpunktthema-der-e-world\/\" target=\"_blank\" rel=\"noopener noreferrer\">Digitalisierung<\/a> und der globale Wettbewerb steigern Innovationsdruck und Handlungsbedarf, dem sich Unternehmen nicht entziehen k\u00f6nnen, wollen sie weiter am Markt bestehen. Agilit\u00e4t, Flexibilit\u00e4t, Vernetzung und crossindustrielles Know how sind wichtige Mittel um mit dieser dynamischen Entwicklung Schritt halten zu k\u00f6nnen.<\/p>\n<p>Dazu m\u00f6chte der Deutsche Innovationsgipfel (DI) am 14. M\u00e4rz 2019 in M\u00fcnchen die entsprechende Business-Plattform bieten. Auf der Veranstaltung werden L\u00f6sungen und Strategien angeboten werden, mit denen Unternehmen auf diese dynamischen Entwicklungen reagieren, k\u00fcnftige Bed\u00fcrfnisse des Marktes antizipieren und digitale Kompetenzen weiter auf- und ausbauen k\u00f6nnen sollen.<\/p>\n<p><em>\u201eDa fast jeder zweite DI-Teilnehmer der Gesch\u00e4ftsf\u00fchrung oder der Vorstandsebene angeh\u00f6rt, werden hier auch schnell N\u00e4gel mit K\u00f6pfen gemacht und \u00fcber Innovationen gemeinsam neue Gesch\u00e4ftsmodelle mit Zukunftsperspektive generiert. Ich habe weltweit schon viele Kongresse besucht, aber selten habe ich einen Kongress erlebt, der so hochkar\u00e4tig gewesen ist.\u201c<\/em> &#8211; Alexander Kornelsen (Venture Ideas, Berlin)<\/p>\n<h3>Grand Opening<\/h3>\n<p>Nach der Begr\u00fc\u00dfung durch Hubert Aiwanger, dem Bayerischen Staatsminister und Schirmherr der Veranstaltung, leiten die Keynotes die eigentliche Veranstaltung ein. Zum Thema \u201eDigitalisierung, KI und Sicherheit\u201c referiert Ralf Wintergerst von Giesecke + Devrient dar\u00fcber, wie disruptive Technologien unser Handeln und Denken ver\u00e4ndern.<\/p>\n<h3>Vom denkenden Geb\u00e4ude zur digitalen Stadt<\/h3>\n<p>Wie der Einsatz von KI und dem <a href=\"http:\/\/www.wespeakiot.com\/de\/\" target=\"_blank\" rel=\"noopener noreferrer\">Internet der Dinge<\/a> unser Leben, unser Schaffen und auch unsere Wohn- und Arbeitsfl\u00e4chen ver\u00e4ndert; wie <a href=\"https:\/\/www.lemonbeat.de\/lean-building-automation\/\" target=\"_blank\" rel=\"noopener noreferrer\">denkende Geb\u00e4ude<\/a> urbane Umfelder zu digitalen St\u00e4dten transformieren werden \u2013 dar\u00fcber m\u00f6chte Klaus Dederichs von der Drees &amp; Sommer-Gruppe informieren.<\/p>\n<h3>Smart City 2.0<\/h3>\n<p>\u00dcber den erheblichen <a href=\"https:\/\/www.wespeakiot.com\/de\/mit-daten-geschaefte-machen-das-1x1-datengetriebener-business-modelle-i\/\" target=\"_blank\" rel=\"noopener noreferrer\">Mehrwert<\/a> den Daten nicht nur Unternehmen, sondern auch Kunden und B\u00fcrger bieten, informiert Alexander Holst von Accenture Strategy in seiner Keynote-Rede.<\/p>\n<p>Dar\u00fcber hinaus bietet der 12. Deutsche Innovationsgipfel auch zahlreiche interessante Workshops. Darunter:<\/p>\n<p><strong>Vom Smart Building zur Connected World<\/strong><br \/>\n<strong>Wie KI die Immobilienbranche revolutioniert <\/strong><br \/>\n<em>(Klaus Dederichs \u2013 Drees&amp;Sommer-Gruppe)<\/em><\/p>\n<p><strong>So geht Digitalisierung mobil<\/strong><br \/>\n<strong>Mobile Solutions mit OpenAsApp<\/strong><br \/>\n<em>(Peter Arbitter &#8211; Telekom Deutschland &amp; Stephan Methner \u2013 OpenAsApp)<\/em><\/p>\n<p><strong>\u201eHow to teach an old dog new tricks\u201d<\/strong><br \/>\n<strong>Digitalisierung in klassisch analogen Produktkategorien<\/strong><\/p>\n<p>Weiterf\u00fchrende Informationen zum 12. Deutschen Innovationsgipfel am 14. M\u00e4rz 2019 in M\u00fcnchen finden Sie bei Interesse <a href=\"https:\/\/www.deutscher-innovationsgipfel.de\/\" target=\"_blank\" rel=\"noopener noreferrer\">hier<\/a>.<\/p>\n","protected":false},"excerpt":{"rendered":"<p>Am 14.3.2019 findet in M\u00fcnchen der 12. Deutsche Innovationsgipfel unter Schirmherrschaft des Bayerischen Staatsministeriums statt.<\/p>\n","protected":false},"author":24,"featured_media":8867,"comment_status":"open","ping_status":"open","sticky":false,"template":"","format":"standard","meta":{"footnotes":""},"categories":[2360],"tags":[6494,2058,6239,5832,6495],"class_list":["post-8864","post","type-post","status-publish","format-standard","has-post-thumbnail","hentry","category-schlagzeilen","tag-deutscher-innovationsgipfel","tag-digitalisierung","tag-iot-de","tag-smart-building","tag-smart-city-de"],"yoast_head":"<!-- This site is optimized with the Yoast SEO plugin v27.5 - https:\/\/yoast.com\/product\/yoast-seo-wordpress\/ -->\n<title>Deutscher Innovationsgipfel: Smarte Geb\u00e4ude und die Digitalisierung - We speak IoT<\/title>\n<meta name=\"description\" content=\"Am 14.3.2019 findet in M\u00fcnchen der 12. Deutsche Innovationsgipfel unter Schirmherrschaft des Bayerischen Staatsministeriums statt.\" \/>\n<meta name=\"robots\" content=\"index, follow, max-snippet:-1, max-image-preview:large, max-video-preview:-1\" \/>\n<link rel=\"canonical\" href=\"https:\/\/www.wespeakiot.com\/de\/deutscher-innovationsgipfel-smarte-gebaeude-und-die-digitalisierung\/\" \/>\n<meta property=\"og:locale\" content=\"de_DE\" \/>\n<meta property=\"og:type\" content=\"article\" \/>\n<meta property=\"og:title\" content=\"Deutscher Innovationsgipfel: Smarte Geb\u00e4ude und die Digitalisierung - We speak IoT\" \/>\n<meta property=\"og:description\" content=\"Am 14.3.2019 findet in M\u00fcnchen der 12. Deutsche Innovationsgipfel unter Schirmherrschaft des Bayerischen Staatsministeriums statt.\" \/>\n<meta property=\"og:url\" content=\"https:\/\/www.wespeakiot.com\/de\/deutscher-innovationsgipfel-smarte-gebaeude-und-die-digitalisierung\/\" \/>\n<meta property=\"og:site_name\" content=\"We speak IoT\" \/>\n<meta property=\"article:published_time\" content=\"2019-03-14T12:30:07+00:00\" \/>\n<meta property=\"og:image\" content=\"https:\/\/www.wespeakiot.com\/wp-content\/uploads\/2019\/03\/12InnoGipfel.jpg\" \/>\n\t<meta property=\"og:image:width\" content=\"960\" \/>\n\t<meta property=\"og:image:height\" content=\"640\" \/>\n\t<meta property=\"og:image:type\" content=\"image\/jpeg\" \/>\n<meta name=\"author\" content=\"Editorial Staff\" \/>\n<meta name=\"twitter:card\" content=\"summary_large_image\" \/>\n<meta name=\"twitter:label1\" content=\"Verfasst von\" \/>\n\t<meta name=\"twitter:data1\" content=\"Editorial Staff\" \/>\n\t<meta name=\"twitter:label2\" content=\"Gesch\u00e4tzte Lesezeit\" \/>\n\t<meta name=\"twitter:data2\" content=\"2\u00a0Minuten\" \/>\n<script type=\"application\/ld+json\" class=\"yoast-schema-graph\">{\"@context\":\"https:\\\/\\\/schema.org\",\"@graph\":[{\"@type\":\"NewsArticle\",\"@id\":\"https:\\\/\\\/www.wespeakiot.com\\\/de\\\/deutscher-innovationsgipfel-smarte-gebaeude-und-die-digitalisierung\\\/#article\",\"isPartOf\":{\"@id\":\"https:\\\/\\\/www.wespeakiot.com\\\/de\\\/deutscher-innovationsgipfel-smarte-gebaeude-und-die-digitalisierung\\\/\"},\"author\":{\"name\":\"Editorial Staff\",\"@id\":\"https:\\\/\\\/www.wespeakiot.com\\\/de\\\/#\\\/schema\\\/person\\\/f7fc26ad99702ff175fe7dc16d590925\"},\"headline\":\"Deutscher Innovationsgipfel: Smarte Geb\u00e4ude und die Digitalisierung\",\"datePublished\":\"2019-03-14T12:30:07+00:00\",\"mainEntityOfPage\":{\"@id\":\"https:\\\/\\\/www.wespeakiot.com\\\/de\\\/deutscher-innovationsgipfel-smarte-gebaeude-und-die-digitalisierung\\\/\"},\"wordCount\":399,\"commentCount\":0,\"publisher\":{\"@id\":\"https:\\\/\\\/www.wespeakiot.com\\\/de\\\/#organization\"},\"image\":{\"@id\":\"https:\\\/\\\/www.wespeakiot.com\\\/de\\\/deutscher-innovationsgipfel-smarte-gebaeude-und-die-digitalisierung\\\/#primaryimage\"},\"thumbnailUrl\":\"https:\\\/\\\/www.wespeakiot.com\\\/wp-content\\\/uploads\\\/2019\\\/03\\\/12InnoGipfel.jpg\",\"keywords\":[\"Deutscher Innovationsgipfel\",\"Digitalisierung\",\"IoT\",\"Smart Building\",\"smart-city\"],\"articleSection\":[\"Schlagzeilen\"],\"inLanguage\":\"de\",\"potentialAction\":[{\"@type\":\"CommentAction\",\"name\":\"Comment\",\"target\":[\"https:\\\/\\\/www.wespeakiot.com\\\/de\\\/deutscher-innovationsgipfel-smarte-gebaeude-und-die-digitalisierung\\\/#respond\"]}]},{\"@type\":\"WebPage\",\"@id\":\"https:\\\/\\\/www.wespeakiot.com\\\/de\\\/deutscher-innovationsgipfel-smarte-gebaeude-und-die-digitalisierung\\\/\",\"url\":\"https:\\\/\\\/www.wespeakiot.com\\\/de\\\/deutscher-innovationsgipfel-smarte-gebaeude-und-die-digitalisierung\\\/\",\"name\":\"Deutscher Innovationsgipfel: Smarte Geb\u00e4ude und die Digitalisierung - We speak IoT\",\"isPartOf\":{\"@id\":\"https:\\\/\\\/www.wespeakiot.com\\\/de\\\/#website\"},\"primaryImageOfPage\":{\"@id\":\"https:\\\/\\\/www.wespeakiot.com\\\/de\\\/deutscher-innovationsgipfel-smarte-gebaeude-und-die-digitalisierung\\\/#primaryimage\"},\"image\":{\"@id\":\"https:\\\/\\\/www.wespeakiot.com\\\/de\\\/deutscher-innovationsgipfel-smarte-gebaeude-und-die-digitalisierung\\\/#primaryimage\"},\"thumbnailUrl\":\"https:\\\/\\\/www.wespeakiot.com\\\/wp-content\\\/uploads\\\/2019\\\/03\\\/12InnoGipfel.jpg\",\"datePublished\":\"2019-03-14T12:30:07+00:00\",\"description\":\"Am 14.3.2019 findet in M\u00fcnchen der 12. Deutsche Innovationsgipfel unter Schirmherrschaft des Bayerischen Staatsministeriums statt.\",\"breadcrumb\":{\"@id\":\"https:\\\/\\\/www.wespeakiot.com\\\/de\\\/deutscher-innovationsgipfel-smarte-gebaeude-und-die-digitalisierung\\\/#breadcrumb\"},\"inLanguage\":\"de\",\"potentialAction\":[{\"@type\":\"ReadAction\",\"target\":[\"https:\\\/\\\/www.wespeakiot.com\\\/de\\\/deutscher-innovationsgipfel-smarte-gebaeude-und-die-digitalisierung\\\/\"]}]},{\"@type\":\"ImageObject\",\"inLanguage\":\"de\",\"@id\":\"https:\\\/\\\/www.wespeakiot.com\\\/de\\\/deutscher-innovationsgipfel-smarte-gebaeude-und-die-digitalisierung\\\/#primaryimage\",\"url\":\"https:\\\/\\\/www.wespeakiot.com\\\/wp-content\\\/uploads\\\/2019\\\/03\\\/12InnoGipfel.jpg\",\"contentUrl\":\"https:\\\/\\\/www.wespeakiot.com\\\/wp-content\\\/uploads\\\/2019\\\/03\\\/12InnoGipfel.jpg\",\"width\":960,\"height\":640,\"caption\":\"Deutscher Innovationsgipfel\"},{\"@type\":\"BreadcrumbList\",\"@id\":\"https:\\\/\\\/www.wespeakiot.com\\\/de\\\/deutscher-innovationsgipfel-smarte-gebaeude-und-die-digitalisierung\\\/#breadcrumb\",\"itemListElement\":[{\"@type\":\"ListItem\",\"position\":1,\"name\":\"Home\",\"item\":\"https:\\\/\\\/www.wespeakiot.com\\\/de\\\/\"},{\"@type\":\"ListItem\",\"position\":2,\"name\":\"Deutscher Innovationsgipfel: Smarte Geb\u00e4ude und die Digitalisierung\"}]},{\"@type\":\"WebSite\",\"@id\":\"https:\\\/\\\/www.wespeakiot.com\\\/de\\\/#website\",\"url\":\"https:\\\/\\\/www.wespeakiot.com\\\/de\\\/\",\"name\":\"WeSpeakIoT\",\"description\":\"Inside the Internet of Things\",\"publisher\":{\"@id\":\"https:\\\/\\\/www.wespeakiot.com\\\/de\\\/#organization\"},\"potentialAction\":[{\"@type\":\"SearchAction\",\"target\":{\"@type\":\"EntryPoint\",\"urlTemplate\":\"https:\\\/\\\/www.wespeakiot.com\\\/de\\\/?s={search_term_string}\"},\"query-input\":{\"@type\":\"PropertyValueSpecification\",\"valueRequired\":true,\"valueName\":\"search_term_string\"}}],\"inLanguage\":\"de\"},{\"@type\":\"Organization\",\"@id\":\"https:\\\/\\\/www.wespeakiot.com\\\/de\\\/#organization\",\"name\":\"WeSpeakIoT - Inside the Internet of Things\",\"url\":\"https:\\\/\\\/www.wespeakiot.com\\\/de\\\/\",\"logo\":{\"@type\":\"ImageObject\",\"inLanguage\":\"de\",\"@id\":\"https:\\\/\\\/www.wespeakiot.com\\\/de\\\/#\\\/schema\\\/logo\\\/image\\\/\",\"url\":\"https:\\\/\\\/www.wespeakiot.com\\\/wp-content\\\/uploads\\\/2025\\\/08\\\/wespeakiot-logo-696x696-1.jpg\",\"contentUrl\":\"https:\\\/\\\/www.wespeakiot.com\\\/wp-content\\\/uploads\\\/2025\\\/08\\\/wespeakiot-logo-696x696-1.jpg\",\"width\":696,\"height\":696,\"caption\":\"WeSpeakIoT - Inside the Internet of Things\"},\"image\":{\"@id\":\"https:\\\/\\\/www.wespeakiot.com\\\/de\\\/#\\\/schema\\\/logo\\\/image\\\/\"}},{\"@type\":\"Person\",\"@id\":\"https:\\\/\\\/www.wespeakiot.com\\\/de\\\/#\\\/schema\\\/person\\\/f7fc26ad99702ff175fe7dc16d590925\",\"name\":\"Editorial Staff\",\"image\":{\"@type\":\"ImageObject\",\"inLanguage\":\"de\",\"@id\":\"https:\\\/\\\/www.wespeakiot.com\\\/wp-content\\\/uploads\\\/2017\\\/07\\\/wsi_logo_black-100x100.jpg\",\"url\":\"https:\\\/\\\/www.wespeakiot.com\\\/wp-content\\\/uploads\\\/2017\\\/07\\\/wsi_logo_black-100x100.jpg\",\"contentUrl\":\"https:\\\/\\\/www.wespeakiot.com\\\/wp-content\\\/uploads\\\/2017\\\/07\\\/wsi_logo_black-100x100.jpg\",\"caption\":\"Editorial Staff\"},\"url\":\"https:\\\/\\\/www.wespeakiot.com\\\/de\\\/author\\\/estaff\\\/\"}]}<\/script>\n<!-- \/ Yoast SEO plugin. -->","yoast_head_json":{"title":"Deutscher Innovationsgipfel: Smarte Geb\u00e4ude und die Digitalisierung - We speak IoT","description":"Am 14.3.2019 findet in M\u00fcnchen der 12. Deutsche Innovationsgipfel unter Schirmherrschaft des Bayerischen Staatsministeriums statt.","robots":{"index":"index","follow":"follow","max-snippet":"max-snippet:-1","max-image-preview":"max-image-preview:large","max-video-preview":"max-video-preview:-1"},"canonical":"https:\/\/www.wespeakiot.com\/de\/deutscher-innovationsgipfel-smarte-gebaeude-und-die-digitalisierung\/","og_locale":"de_DE","og_type":"article","og_title":"Deutscher Innovationsgipfel: Smarte Geb\u00e4ude und die Digitalisierung - We speak IoT","og_description":"Am 14.3.2019 findet in M\u00fcnchen der 12. Deutsche Innovationsgipfel unter Schirmherrschaft des Bayerischen Staatsministeriums statt.","og_url":"https:\/\/www.wespeakiot.com\/de\/deutscher-innovationsgipfel-smarte-gebaeude-und-die-digitalisierung\/","og_site_name":"We speak IoT","article_published_time":"2019-03-14T12:30:07+00:00","og_image":[{"width":960,"height":640,"url":"https:\/\/www.wespeakiot.com\/wp-content\/uploads\/2019\/03\/12InnoGipfel.jpg","type":"image\/jpeg"}],"author":"Editorial Staff","twitter_card":"summary_large_image","twitter_misc":{"Verfasst von":"Editorial Staff","Gesch\u00e4tzte Lesezeit":"2\u00a0Minuten"},"schema":{"@context":"https:\/\/schema.org","@graph":[{"@type":"NewsArticle","@id":"https:\/\/www.wespeakiot.com\/de\/deutscher-innovationsgipfel-smarte-gebaeude-und-die-digitalisierung\/#article","isPartOf":{"@id":"https:\/\/www.wespeakiot.com\/de\/deutscher-innovationsgipfel-smarte-gebaeude-und-die-digitalisierung\/"},"author":{"name":"Editorial Staff","@id":"https:\/\/www.wespeakiot.com\/de\/#\/schema\/person\/f7fc26ad99702ff175fe7dc16d590925"},"headline":"Deutscher Innovationsgipfel: Smarte Geb\u00e4ude und die Digitalisierung","datePublished":"2019-03-14T12:30:07+00:00","mainEntityOfPage":{"@id":"https:\/\/www.wespeakiot.com\/de\/deutscher-innovationsgipfel-smarte-gebaeude-und-die-digitalisierung\/"},"wordCount":399,"commentCount":0,"publisher":{"@id":"https:\/\/www.wespeakiot.com\/de\/#organization"},"image":{"@id":"https:\/\/www.wespeakiot.com\/de\/deutscher-innovationsgipfel-smarte-gebaeude-und-die-digitalisierung\/#primaryimage"},"thumbnailUrl":"https:\/\/www.wespeakiot.com\/wp-content\/uploads\/2019\/03\/12InnoGipfel.jpg","keywords":["Deutscher Innovationsgipfel","Digitalisierung","IoT","Smart Building","smart-city"],"articleSection":["Schlagzeilen"],"inLanguage":"de","potentialAction":[{"@type":"CommentAction","name":"Comment","target":["https:\/\/www.wespeakiot.com\/de\/deutscher-innovationsgipfel-smarte-gebaeude-und-die-digitalisierung\/#respond"]}]},{"@type":"WebPage","@id":"https:\/\/www.wespeakiot.com\/de\/deutscher-innovationsgipfel-smarte-gebaeude-und-die-digitalisierung\/","url":"https:\/\/www.wespeakiot.com\/de\/deutscher-innovationsgipfel-smarte-gebaeude-und-die-digitalisierung\/","name":"Deutscher Innovationsgipfel: Smarte Geb\u00e4ude und die Digitalisierung - We speak IoT","isPartOf":{"@id":"https:\/\/www.wespeakiot.com\/de\/#website"},"primaryImageOfPage":{"@id":"https:\/\/www.wespeakiot.com\/de\/deutscher-innovationsgipfel-smarte-gebaeude-und-die-digitalisierung\/#primaryimage"},"image":{"@id":"https:\/\/www.wespeakiot.com\/de\/deutscher-innovationsgipfel-smarte-gebaeude-und-die-digitalisierung\/#primaryimage"},"thumbnailUrl":"https:\/\/www.wespeakiot.com\/wp-content\/uploads\/2019\/03\/12InnoGipfel.jpg","datePublished":"2019-03-14T12:30:07+00:00","description":"Am 14.3.2019 findet in M\u00fcnchen der 12. Deutsche Innovationsgipfel unter Schirmherrschaft des Bayerischen Staatsministeriums statt.","breadcrumb":{"@id":"https:\/\/www.wespeakiot.com\/de\/deutscher-innovationsgipfel-smarte-gebaeude-und-die-digitalisierung\/#breadcrumb"},"inLanguage":"de","potentialAction":[{"@type":"ReadAction","target":["https:\/\/www.wespeakiot.com\/de\/deutscher-innovationsgipfel-smarte-gebaeude-und-die-digitalisierung\/"]}]},{"@type":"ImageObject","inLanguage":"de","@id":"https:\/\/www.wespeakiot.com\/de\/deutscher-innovationsgipfel-smarte-gebaeude-und-die-digitalisierung\/#primaryimage","url":"https:\/\/www.wespeakiot.com\/wp-content\/uploads\/2019\/03\/12InnoGipfel.jpg","contentUrl":"https:\/\/www.wespeakiot.com\/wp-content\/uploads\/2019\/03\/12InnoGipfel.jpg","width":960,"height":640,"caption":"Deutscher Innovationsgipfel"},{"@type":"BreadcrumbList","@id":"https:\/\/www.wespeakiot.com\/de\/deutscher-innovationsgipfel-smarte-gebaeude-und-die-digitalisierung\/#breadcrumb","itemListElement":[{"@type":"ListItem","position":1,"name":"Home","item":"https:\/\/www.wespeakiot.com\/de\/"},{"@type":"ListItem","position":2,"name":"Deutscher Innovationsgipfel: Smarte Geb\u00e4ude und die Digitalisierung"}]},{"@type":"WebSite","@id":"https:\/\/www.wespeakiot.com\/de\/#website","url":"https:\/\/www.wespeakiot.com\/de\/","name":"WeSpeakIoT","description":"Inside the Internet of Things","publisher":{"@id":"https:\/\/www.wespeakiot.com\/de\/#organization"},"potentialAction":[{"@type":"SearchAction","target":{"@type":"EntryPoint","urlTemplate":"https:\/\/www.wespeakiot.com\/de\/?s={search_term_string}"},"query-input":{"@type":"PropertyValueSpecification","valueRequired":true,"valueName":"search_term_string"}}],"inLanguage":"de"},{"@type":"Organization","@id":"https:\/\/www.wespeakiot.com\/de\/#organization","name":"WeSpeakIoT - Inside the Internet of Things","url":"https:\/\/www.wespeakiot.com\/de\/","logo":{"@type":"ImageObject","inLanguage":"de","@id":"https:\/\/www.wespeakiot.com\/de\/#\/schema\/logo\/image\/","url":"https:\/\/www.wespeakiot.com\/wp-content\/uploads\/2025\/08\/wespeakiot-logo-696x696-1.jpg","contentUrl":"https:\/\/www.wespeakiot.com\/wp-content\/uploads\/2025\/08\/wespeakiot-logo-696x696-1.jpg","width":696,"height":696,"caption":"WeSpeakIoT - Inside the Internet of Things"},"image":{"@id":"https:\/\/www.wespeakiot.com\/de\/#\/schema\/logo\/image\/"}},{"@type":"Person","@id":"https:\/\/www.wespeakiot.com\/de\/#\/schema\/person\/f7fc26ad99702ff175fe7dc16d590925","name":"Editorial Staff","image":{"@type":"ImageObject","inLanguage":"de","@id":"https:\/\/www.wespeakiot.com\/wp-content\/uploads\/2017\/07\/wsi_logo_black-100x100.jpg","url":"https:\/\/www.wespeakiot.com\/wp-content\/uploads\/2017\/07\/wsi_logo_black-100x100.jpg","contentUrl":"https:\/\/www.wespeakiot.com\/wp-content\/uploads\/2017\/07\/wsi_logo_black-100x100.jpg","caption":"Editorial Staff"},"url":"https:\/\/www.wespeakiot.com\/de\/author\/estaff\/"}]}},"wp-worthy-pixel":{"ignored":false,"public":null,"server":null,"url":null},"wp-worthy-type":"normal","cc_featured_image_caption":{"caption_text":"Fotos: DI\/Flickr\/ab - ","source_text":"12. Deutscher Innovationsgipfel","source_url":""},"_links":{"self":[{"href":"https:\/\/www.wespeakiot.com\/de\/wp-json\/wp\/v2\/posts\/8864","targetHints":{"allow":["GET"]}}],"collection":[{"href":"https:\/\/www.wespeakiot.com\/de\/wp-json\/wp\/v2\/posts"}],"about":[{"href":"https:\/\/www.wespeakiot.com\/de\/wp-json\/wp\/v2\/types\/post"}],"author":[{"embeddable":true,"href":"https:\/\/www.wespeakiot.com\/de\/wp-json\/wp\/v2\/users\/24"}],"replies":[{"embeddable":true,"href":"https:\/\/www.wespeakiot.com\/de\/wp-json\/wp\/v2\/comments?post=8864"}],"version-history":[{"count":0,"href":"https:\/\/www.wespeakiot.com\/de\/wp-json\/wp\/v2\/posts\/8864\/revisions"}],"wp:featuredmedia":[{"embeddable":true,"href":"https:\/\/www.wespeakiot.com\/de\/wp-json\/wp\/v2\/media\/8867"}],"wp:attachment":[{"href":"https:\/\/www.wespeakiot.com\/de\/wp-json\/wp\/v2\/media?parent=8864"}],"wp:term":[{"taxonomy":"category","embeddable":true,"href":"https:\/\/www.wespeakiot.com\/de\/wp-json\/wp\/v2\/categories?post=8864"},{"taxonomy":"post_tag","embeddable":true,"href":"https:\/\/www.wespeakiot.com\/de\/wp-json\/wp\/v2\/tags?post=8864"}],"curies":[{"name":"wp","href":"https:\/\/api.w.org\/{rel}","templated":true}]}}