{"id":9460,"date":"2019-07-26T10:20:46","date_gmt":"2019-07-26T08:20:46","guid":{"rendered":"https:\/\/www.wespeakiot.com\/?p=9460"},"modified":"2025-08-18T17:37:21","modified_gmt":"2025-08-18T15:37:21","slug":"selbstfahrende-autos","status":"publish","type":"post","link":"https:\/\/www.wespeakiot.com\/de\/selbstfahrende-autos\/","title":{"rendered":"Selbstfahrende Autos: Hat sich die Branche \u00fcbersch\u00e4tzt?"},"content":{"rendered":"<div class=\"ccfic\"><span class=\"ccfic-text\">Entspannt Zeitunglesen wie auf diesem hochglanz Stockfoto wird wohl noch etwas l\u00e4nger Zunkunftsmusik bleiben. <\/span> <span class=\"ccfic-source\">Foto: Shutterstock<\/span><\/div>\n<h2>Ein <a href=\"https:\/\/www.nytimes.com\/2019\/07\/17\/business\/self-driving-autonomous-cars.html\" target=\"_blank\" rel=\"noopener noreferrer\">Artikel aus der New York Times<\/a> l\u00e4sst aufhorchen. Selbstfahrende Autos l\u00e4gen entgegen allgemeiner Erwartungen weiter in der Zukunft als angenommen. Die Zeitung zitiert Manager der Autobranche und KI-Entwickler, die nicht an eine baldige Revolution auf der Stra\u00dfe glauben. Ist das autonome Fahrzeug doch noch nicht bereit f\u00fcr den Massenmarkt?<\/h2>\n<p>Die Geschichte erinnert so ein bisschen an dern smarten K\u00fchlschrank, der selbstt\u00e4tig f\u00fcr Nachschub sorgen soll. Erste Modelle geistern bereits seit Ende der 1990er Jahren durch die Schlagzeilen. Doch auch 20 Jahre sp\u00e4ter sind sie l\u00e4ngst nicht im Massenmarkt angekommen.<\/p>\n<p>Hat die Autobranche sich selbst \u00fcbersch\u00e4tzt?<\/p>\n<p>Im M\u00e4rz 2018 verungl\u00fcckte in Kalifornien <a href=\"https:\/\/www.businessinsider.de\/apple-engineer-walter-huang-family-suing-tesla-over-crash-2019-5?r=US&amp;IR=T\" target=\"_blank\" rel=\"noopener noreferrer\">Apple Ingenieur Walter Huang in seinem 2017er Tesla Model X<\/a> t\u00f6dlich, als das Fahrzeug im Autopilot-Modus ungebremst mit rund 109 Stundenkilometern in eine Beton-Mittelleitplanke prallte. Huang hatte den Autopiloten 10 Sekunden vor dem fatalen Crash eingeschaltet und danach sofort die H\u00e4nde vom Lenkrad genommen. Im Mai desselben Jahres <a href=\"https:\/\/www.livescience.com\/62692-tesla-sedan-crash-police-car.html\" target=\"_blank\" rel=\"noopener noreferrer\">verungl\u00fcckte ein Fahrer eines Model X, diesmal in Florida, als es in ein geparktes Polizeifahrzeug fuhr<\/a>. Diesmal blieb es gl\u00fccklicherweise bei Blechsch\u00e4den.<\/p>\n<p>Ein Jahr sp\u00e4ter, im M\u00e4rz 2019 starb <a href=\"https:\/\/www.wptv.com\/news\/region-s-palm-beach-county\/ntsb-releases-new-report-on-deadly-tesla-crash-in-palm-beach-county\" target=\"_blank\" rel=\"noopener noreferrer\">Jemery Beren Banner in Palm Beach in seinem Tesla Model 3<\/a>, als das Fahrzeug ebenfalls 10 Sekunden nachdem der Autopilot aktiviert wurde, in einen vorausfahrenden Truck raste. Das erste <a href=\"https:\/\/www.reuters.com\/article\/us-tesla-crash\/tesla-driver-in-fatal-autopilot-crash-got-numerous-warnings-u-s-government-idUSKBN19A2XC\" target=\"_blank\" rel=\"noopener noreferrer\">Opfer eines Tesla im semi-autonomen Modus war Joshua Brown<\/a>. 2016 kollidierte auch sein Fahrzeug in Florida mit einem die Stra\u00dfe querenden LKW.<\/p>\n<h3>Streit um das optimale Erkennungssystem<\/h3>\n<p>Nach jedem einzelnen Unfall entbrennt der Streit aufs Neue: Branchenkenner bem\u00e4ngelten das Erkennungssystem in Tesla Fahrzeugen. Tesla Verteidiger wiederum argumentieren, dass Tesla nie behauptet habe, seine Fahrzeuge seinen f\u00fcr vollst\u00e4ndig autonomes fahren geeignet. Der Fahrer m\u00fcsse immer die H\u00e4nde am Lenkrad haben um rechtzeitig eingreifen zu k\u00f6nnen. Die Fahrer h\u00e4tten das Auto und seine F\u00e4higkeiten nachl\u00e4ssig \u00fcbersch\u00e4tzt.<\/p>\n<p>Ein technischer Kritikpunkt am Tesla ist das fehlende <a href=\"https:\/\/de.wikipedia.org\/wiki\/Lidar\" target=\"_blank\" rel=\"noopener noreferrer\">LIDAR Erkennungssystem<\/a> in Tesla Fahrzeugen. Bei dem \u201eLight Detection and Ranging\u201c genannten System handelt es sich um ein Radar-\u00e4hnliches System, das autonom fahrenden Autos helfen soll, ihre Umgebung und das Verhalten anderer Verkehrsteilnehmer richtig einzusch\u00e4tzen. Die Lidar-Technik kann mithilfe von Laserimpulsen ihre Umgebung 300 Meter weit abtasten. Daraus entsteht ein dreidimensionales Bild der Umgebung, an der sich das Fahrzeug orientieren kann. Die meisten Fahrzeughersteller verwenden neben Kameras, Ultraschall und Radarsensoren eben auch noch das LIDAR System zur Umgebungserkennung. Nur Tesla verzichtet bislang darauf und hat in seinen Fahrzeugen \u201enur\u201c 8 Kameras, 12 Ultraschallsensoren und ein nach vorne gerichtetes Radar eingebaut.<\/p>\n<h3>Unfassbare Datenmengen, Entscheidungen in Millisekunden<\/h3>\n<p>Um die unfassbaren Datenmengen zu erfassen, auszuwerten und dann noch das Fahrzeug in Bruchteilen von Sekunden Entscheidungen treffen zu lassen, richtet an die in den Autos verbauten Computer h\u00f6chste Anspr\u00fcche. Eine Cloud-L\u00f6sung, bei der die Daten zun\u00e4chst an ein Rechenzentrum zur Auswertung geschickt werden, kommt bei den notwendigen kurzen Reaktionszeiten ohnehin nicht in Frage.<\/p>\n<p>Und hier stehen wir offenbar nun doch vor einem gr\u00f6\u00dferen Problem als gedacht. <a href=\"https:\/\/www.nytimes.com\/2019\/07\/17\/business\/self-driving-autonomous-cars.html\" target=\"_blank\" rel=\"noopener noreferrer\">Ford und andere Unternehmen sagen, dass die Branche die Ankunft autonomer Fahrzeuge \u00fcbersch\u00e4tzt habe<\/a>. Das Hauptproblem: Man habe immer noch Schwierigkeiten vorauszuberechnen, was andere Verkehrsteilnehmer tun.<\/p>\n<p>Selbstfahrende Busse sind da offenbar weniger ein Problem. Sie fahren auf festgelegten Routen und mit niedrigen Geschwindigkeiten. Viel schwere ist es, schnellen PKW ein sicheres Eigenleben einzuhauchen.<\/p>\n<p>Nun haben sich <a href=\"https:\/\/t3n.de\/news\/vw-ford-weiten-allianz-1177951\/\" target=\"_blank\" rel=\"noopener noreferrer\">Ford und VW zusammengetan, um mit dem auf autonome Fahrzeugtechnologie spezialisierten StartUp Argo AI aus Pittsburgh, das Thema voran zu treiben<\/a>. Bereits 2021 sollten in einigen Stadtgebieten Autos autonom f\u00fcr Fahrgemeinschaften eingesetzt werden. Ob man den Zeitrahmen einhalten kann?<\/p>\n<h3>Der Faktor Mensch<\/h3>\n<p>Argos Chef Bryan Salesky beschreibt dabei das Hauptproblem beim autonomen Fahren: Der Mensch. Im Stra\u00dfenverkehr verhielten sich die Teilnehmer nicht immer gew\u00fcnscht. Radfahrer auf der falschen Stra\u00dfenseite, Reinigungsfahrzeuge, die unerwartet die Richtung wechselten. \u201eMit Radar- und hochaufl\u00f6senden Kameras und all der Rechenleistung, die wir haben, k\u00f6nnen wir die Objekte auf einer Stra\u00dfe erkennen und identifizieren. Das Schwierige ist, vorwegzunehmen, was sie als n\u00e4chstes tun&#8220;, sagte er gegen\u00fcber der New York Times.<\/p>\n<p>Nach Saleskys Angaben sind bislang etwa 80 Prozent der Technologie entwickelt worden, die man ben\u00f6tigt, um selbstfahrende Autos in den Routinebetrieb zu bringen. Die noch fehlenden 20 Prozent aber, einschlie\u00dflich der ben\u00f6tigten Software die zuverl\u00e4ssig vorhersagt, was andere Verkehrsteilnehmer tun werden, wird allerdings viel schwieriger.<\/p>\n<h3>Problematik Mikroman\u00f6ver<\/h3>\n<p>&#8222;<a href=\"https:\/\/www.ttnews.com\/articles\/ford-ceo-jim-hackett-tamps-down-expectations-first-autonomous-vehicles\" target=\"_blank\" rel=\"noopener noreferrer\">Wir haben die Ankunft autonomer Fahrzeuge \u00fcbersch\u00e4tzt&#8220;, sagt dann auch Fords Vorstandsvorsitzender Jim Hackett<\/a> im April im Detroit Economic Club.<\/p>\n<p>Problematisch sind zudem die so genannten \u201eMikroman\u00f6ver\u201c, also wenn beispielsweise Fahrzeuge auf der Suche nach einem Parkplatz langsamer fahren und das autonome Fahrzeug dahinter vorsichtiger und mit gr\u00f6\u00dferem Abstand folgen muss. Klar kann man jedes Auto so programmieren, dass es bei gef\u00e4hrlichen Situationen stets unmittelbar auf die Bremse tritt. Aber ein \u00fcbervorsichtiges Auto ist f\u00fcr einen flie\u00dfenden Stra\u00dfenverkehr ebenfalls nicht akzeptabel.<\/p>\n<p>Vielleicht m\u00fcssen wir unsere Erwartungen etwas zur\u00fcckschrauben. Selbstfahrende Autos werden kommen. Vielleicht dauert es nur ein bisschen l\u00e4nger.<\/p>\n","protected":false},"excerpt":{"rendered":"<p>Ein Artikel aus der New York Times l\u00e4sst aufhorchen. Selbstfahrende Autos l\u00e4gen entgegen allgemeiner Erwartungen weiter in der Zukunft als angenommen. Die Zeitung zitiert Manager der Autobranche und KI-Entwickler, die nicht an eine baldige Revolution auf der Stra\u00dfe glauben. Ist [&hellip;]<\/p>\n","protected":false},"author":2,"featured_media":9463,"comment_status":"open","ping_status":"open","sticky":false,"template":"","format":"standard","meta":{"footnotes":""},"categories":[9769,1961],"tags":[9662,9737],"class_list":["post-9460","post","type-post","status-publish","format-standard","has-post-thumbnail","hentry","category-smart-city-2","category-technologie","tag-autonomes-fahren","tag-tesla-de"],"yoast_head":"<!-- This site is optimized with the Yoast SEO plugin v27.5 - https:\/\/yoast.com\/product\/yoast-seo-wordpress\/ -->\n<title>Selbstfahrende Autos: Hat sich die Branche \u00fcbersch\u00e4tzt? - We speak IoT<\/title>\n<meta name=\"description\" content=\"Liegen selbstfahrende Autos weiter in der Zukunft als wir annehmen? Manager der Automobilindustrie und KI-Entwickler sind kritischer geworden.\" \/>\n<meta name=\"robots\" content=\"index, follow, max-snippet:-1, max-image-preview:large, max-video-preview:-1\" \/>\n<link rel=\"canonical\" href=\"https:\/\/www.wespeakiot.com\/de\/selbstfahrende-autos\/\" \/>\n<meta property=\"og:locale\" content=\"de_DE\" \/>\n<meta property=\"og:type\" content=\"article\" \/>\n<meta property=\"og:title\" content=\"Selbstfahrende Autos: Hat sich die Branche \u00fcbersch\u00e4tzt? - We speak IoT\" \/>\n<meta property=\"og:description\" content=\"Liegen selbstfahrende Autos weiter in der Zukunft als wir annehmen? Manager der Automobilindustrie und KI-Entwickler sind kritischer geworden.\" \/>\n<meta property=\"og:url\" content=\"https:\/\/www.wespeakiot.com\/de\/selbstfahrende-autos\/\" \/>\n<meta property=\"og:site_name\" content=\"We speak IoT\" \/>\n<meta property=\"article:published_time\" content=\"2019-07-26T08:20:46+00:00\" \/>\n<meta property=\"article:modified_time\" content=\"2025-08-18T15:37:21+00:00\" \/>\n<meta property=\"og:image\" content=\"https:\/\/www.wespeakiot.com\/wp-content\/uploads\/2019\/07\/selbstfahrende_autos.jpg\" \/>\n\t<meta property=\"og:image:width\" content=\"960\" \/>\n\t<meta property=\"og:image:height\" content=\"640\" \/>\n\t<meta property=\"og:image:type\" content=\"image\/jpeg\" \/>\n<meta name=\"author\" content=\"Dennis Knake\" \/>\n<meta name=\"twitter:card\" content=\"summary_large_image\" \/>\n<meta name=\"twitter:label1\" content=\"Verfasst von\" \/>\n\t<meta name=\"twitter:data1\" content=\"Dennis Knake\" \/>\n\t<meta name=\"twitter:label2\" content=\"Gesch\u00e4tzte Lesezeit\" \/>\n\t<meta name=\"twitter:data2\" content=\"4\u00a0Minuten\" \/>\n<script type=\"application\/ld+json\" class=\"yoast-schema-graph\">{\"@context\":\"https:\\\/\\\/schema.org\",\"@graph\":[{\"@type\":\"NewsArticle\",\"@id\":\"https:\\\/\\\/www.wespeakiot.com\\\/de\\\/selbstfahrende-autos\\\/#article\",\"isPartOf\":{\"@id\":\"https:\\\/\\\/www.wespeakiot.com\\\/de\\\/selbstfahrende-autos\\\/\"},\"author\":{\"name\":\"Dennis Knake\",\"@id\":\"https:\\\/\\\/www.wespeakiot.com\\\/de\\\/#\\\/schema\\\/person\\\/dd04a17adf7d86ba9e96e23b55d929f8\"},\"headline\":\"Selbstfahrende Autos: Hat sich die Branche \u00fcbersch\u00e4tzt?\",\"datePublished\":\"2019-07-26T08:20:46+00:00\",\"dateModified\":\"2025-08-18T15:37:21+00:00\",\"mainEntityOfPage\":{\"@id\":\"https:\\\/\\\/www.wespeakiot.com\\\/de\\\/selbstfahrende-autos\\\/\"},\"wordCount\":844,\"commentCount\":1,\"publisher\":{\"@id\":\"https:\\\/\\\/www.wespeakiot.com\\\/de\\\/#organization\"},\"image\":{\"@id\":\"https:\\\/\\\/www.wespeakiot.com\\\/de\\\/selbstfahrende-autos\\\/#primaryimage\"},\"thumbnailUrl\":\"https:\\\/\\\/www.wespeakiot.com\\\/wp-content\\\/uploads\\\/2019\\\/07\\\/selbstfahrende_autos.jpg\",\"keywords\":[\"Autonomes Fahren\",\"Tesla\"],\"articleSection\":[\"Smart City\",\"Technologie\"],\"inLanguage\":\"de\",\"potentialAction\":[{\"@type\":\"CommentAction\",\"name\":\"Comment\",\"target\":[\"https:\\\/\\\/www.wespeakiot.com\\\/de\\\/selbstfahrende-autos\\\/#respond\"]}]},{\"@type\":\"WebPage\",\"@id\":\"https:\\\/\\\/www.wespeakiot.com\\\/de\\\/selbstfahrende-autos\\\/\",\"url\":\"https:\\\/\\\/www.wespeakiot.com\\\/de\\\/selbstfahrende-autos\\\/\",\"name\":\"Selbstfahrende Autos: Hat sich die Branche \u00fcbersch\u00e4tzt? - We speak IoT\",\"isPartOf\":{\"@id\":\"https:\\\/\\\/www.wespeakiot.com\\\/de\\\/#website\"},\"primaryImageOfPage\":{\"@id\":\"https:\\\/\\\/www.wespeakiot.com\\\/de\\\/selbstfahrende-autos\\\/#primaryimage\"},\"image\":{\"@id\":\"https:\\\/\\\/www.wespeakiot.com\\\/de\\\/selbstfahrende-autos\\\/#primaryimage\"},\"thumbnailUrl\":\"https:\\\/\\\/www.wespeakiot.com\\\/wp-content\\\/uploads\\\/2019\\\/07\\\/selbstfahrende_autos.jpg\",\"datePublished\":\"2019-07-26T08:20:46+00:00\",\"dateModified\":\"2025-08-18T15:37:21+00:00\",\"description\":\"Liegen selbstfahrende Autos weiter in der Zukunft als wir annehmen? Manager der Automobilindustrie und KI-Entwickler sind kritischer geworden.\",\"breadcrumb\":{\"@id\":\"https:\\\/\\\/www.wespeakiot.com\\\/de\\\/selbstfahrende-autos\\\/#breadcrumb\"},\"inLanguage\":\"de\",\"potentialAction\":[{\"@type\":\"ReadAction\",\"target\":[\"https:\\\/\\\/www.wespeakiot.com\\\/de\\\/selbstfahrende-autos\\\/\"]}]},{\"@type\":\"ImageObject\",\"inLanguage\":\"de\",\"@id\":\"https:\\\/\\\/www.wespeakiot.com\\\/de\\\/selbstfahrende-autos\\\/#primaryimage\",\"url\":\"https:\\\/\\\/www.wespeakiot.com\\\/wp-content\\\/uploads\\\/2019\\\/07\\\/selbstfahrende_autos.jpg\",\"contentUrl\":\"https:\\\/\\\/www.wespeakiot.com\\\/wp-content\\\/uploads\\\/2019\\\/07\\\/selbstfahrende_autos.jpg\",\"width\":960,\"height\":640,\"caption\":\"Selbstfahrende Autos\"},{\"@type\":\"BreadcrumbList\",\"@id\":\"https:\\\/\\\/www.wespeakiot.com\\\/de\\\/selbstfahrende-autos\\\/#breadcrumb\",\"itemListElement\":[{\"@type\":\"ListItem\",\"position\":1,\"name\":\"Home\",\"item\":\"https:\\\/\\\/www.wespeakiot.com\\\/de\\\/\"},{\"@type\":\"ListItem\",\"position\":2,\"name\":\"Selbstfahrende Autos: Hat sich die Branche \u00fcbersch\u00e4tzt?\"}]},{\"@type\":\"WebSite\",\"@id\":\"https:\\\/\\\/www.wespeakiot.com\\\/de\\\/#website\",\"url\":\"https:\\\/\\\/www.wespeakiot.com\\\/de\\\/\",\"name\":\"WeSpeakIoT\",\"description\":\"Inside the Internet of Things\",\"publisher\":{\"@id\":\"https:\\\/\\\/www.wespeakiot.com\\\/de\\\/#organization\"},\"potentialAction\":[{\"@type\":\"SearchAction\",\"target\":{\"@type\":\"EntryPoint\",\"urlTemplate\":\"https:\\\/\\\/www.wespeakiot.com\\\/de\\\/?s={search_term_string}\"},\"query-input\":{\"@type\":\"PropertyValueSpecification\",\"valueRequired\":true,\"valueName\":\"search_term_string\"}}],\"inLanguage\":\"de\"},{\"@type\":\"Organization\",\"@id\":\"https:\\\/\\\/www.wespeakiot.com\\\/de\\\/#organization\",\"name\":\"WeSpeakIoT - Inside the Internet of Things\",\"url\":\"https:\\\/\\\/www.wespeakiot.com\\\/de\\\/\",\"logo\":{\"@type\":\"ImageObject\",\"inLanguage\":\"de\",\"@id\":\"https:\\\/\\\/www.wespeakiot.com\\\/de\\\/#\\\/schema\\\/logo\\\/image\\\/\",\"url\":\"https:\\\/\\\/www.wespeakiot.com\\\/wp-content\\\/uploads\\\/2025\\\/08\\\/wespeakiot-logo-696x696-1.jpg\",\"contentUrl\":\"https:\\\/\\\/www.wespeakiot.com\\\/wp-content\\\/uploads\\\/2025\\\/08\\\/wespeakiot-logo-696x696-1.jpg\",\"width\":696,\"height\":696,\"caption\":\"WeSpeakIoT - Inside the Internet of Things\"},\"image\":{\"@id\":\"https:\\\/\\\/www.wespeakiot.com\\\/de\\\/#\\\/schema\\\/logo\\\/image\\\/\"}},{\"@type\":\"Person\",\"@id\":\"https:\\\/\\\/www.wespeakiot.com\\\/de\\\/#\\\/schema\\\/person\\\/dd04a17adf7d86ba9e96e23b55d929f8\",\"name\":\"Dennis Knake\",\"image\":{\"@type\":\"ImageObject\",\"inLanguage\":\"de\",\"@id\":\"https:\\\/\\\/www.wespeakiot.com\\\/wp-content\\\/uploads\\\/2025\\\/06\\\/1690888686080-100x100.jpeg\",\"url\":\"https:\\\/\\\/www.wespeakiot.com\\\/wp-content\\\/uploads\\\/2025\\\/06\\\/1690888686080-100x100.jpeg\",\"contentUrl\":\"https:\\\/\\\/www.wespeakiot.com\\\/wp-content\\\/uploads\\\/2025\\\/06\\\/1690888686080-100x100.jpeg\",\"caption\":\"Dennis Knake\"},\"description\":\"Dennis Knake is a professional editor with many years of experience in IT and telecommunications communications. For more than two decades, he has been writing about IT, IoT, and the digital transformation of industries. Fascinated by technological innovation, he follows new developments with curiosity \u2013 and a critical eye.\",\"sameAs\":[\"https:\\\/\\\/www.dennis-knake.de\\\/\",\"https:\\\/\\\/www.linkedin.com\\\/in\\\/dennis-knake-a6917484\"],\"url\":\"https:\\\/\\\/www.wespeakiot.com\\\/de\\\/author\\\/dknake\\\/\"}]}<\/script>\n<!-- \/ Yoast SEO plugin. -->","yoast_head_json":{"title":"Selbstfahrende Autos: Hat sich die Branche \u00fcbersch\u00e4tzt? - We speak IoT","description":"Liegen selbstfahrende Autos weiter in der Zukunft als wir annehmen? Manager der Automobilindustrie und KI-Entwickler sind kritischer geworden.","robots":{"index":"index","follow":"follow","max-snippet":"max-snippet:-1","max-image-preview":"max-image-preview:large","max-video-preview":"max-video-preview:-1"},"canonical":"https:\/\/www.wespeakiot.com\/de\/selbstfahrende-autos\/","og_locale":"de_DE","og_type":"article","og_title":"Selbstfahrende Autos: Hat sich die Branche \u00fcbersch\u00e4tzt? - We speak IoT","og_description":"Liegen selbstfahrende Autos weiter in der Zukunft als wir annehmen? Manager der Automobilindustrie und KI-Entwickler sind kritischer geworden.","og_url":"https:\/\/www.wespeakiot.com\/de\/selbstfahrende-autos\/","og_site_name":"We speak IoT","article_published_time":"2019-07-26T08:20:46+00:00","article_modified_time":"2025-08-18T15:37:21+00:00","og_image":[{"width":960,"height":640,"url":"https:\/\/www.wespeakiot.com\/wp-content\/uploads\/2019\/07\/selbstfahrende_autos.jpg","type":"image\/jpeg"}],"author":"Dennis Knake","twitter_card":"summary_large_image","twitter_misc":{"Verfasst von":"Dennis Knake","Gesch\u00e4tzte Lesezeit":"4\u00a0Minuten"},"schema":{"@context":"https:\/\/schema.org","@graph":[{"@type":"NewsArticle","@id":"https:\/\/www.wespeakiot.com\/de\/selbstfahrende-autos\/#article","isPartOf":{"@id":"https:\/\/www.wespeakiot.com\/de\/selbstfahrende-autos\/"},"author":{"name":"Dennis Knake","@id":"https:\/\/www.wespeakiot.com\/de\/#\/schema\/person\/dd04a17adf7d86ba9e96e23b55d929f8"},"headline":"Selbstfahrende Autos: Hat sich die Branche \u00fcbersch\u00e4tzt?","datePublished":"2019-07-26T08:20:46+00:00","dateModified":"2025-08-18T15:37:21+00:00","mainEntityOfPage":{"@id":"https:\/\/www.wespeakiot.com\/de\/selbstfahrende-autos\/"},"wordCount":844,"commentCount":1,"publisher":{"@id":"https:\/\/www.wespeakiot.com\/de\/#organization"},"image":{"@id":"https:\/\/www.wespeakiot.com\/de\/selbstfahrende-autos\/#primaryimage"},"thumbnailUrl":"https:\/\/www.wespeakiot.com\/wp-content\/uploads\/2019\/07\/selbstfahrende_autos.jpg","keywords":["Autonomes Fahren","Tesla"],"articleSection":["Smart City","Technologie"],"inLanguage":"de","potentialAction":[{"@type":"CommentAction","name":"Comment","target":["https:\/\/www.wespeakiot.com\/de\/selbstfahrende-autos\/#respond"]}]},{"@type":"WebPage","@id":"https:\/\/www.wespeakiot.com\/de\/selbstfahrende-autos\/","url":"https:\/\/www.wespeakiot.com\/de\/selbstfahrende-autos\/","name":"Selbstfahrende Autos: Hat sich die Branche \u00fcbersch\u00e4tzt? - We speak IoT","isPartOf":{"@id":"https:\/\/www.wespeakiot.com\/de\/#website"},"primaryImageOfPage":{"@id":"https:\/\/www.wespeakiot.com\/de\/selbstfahrende-autos\/#primaryimage"},"image":{"@id":"https:\/\/www.wespeakiot.com\/de\/selbstfahrende-autos\/#primaryimage"},"thumbnailUrl":"https:\/\/www.wespeakiot.com\/wp-content\/uploads\/2019\/07\/selbstfahrende_autos.jpg","datePublished":"2019-07-26T08:20:46+00:00","dateModified":"2025-08-18T15:37:21+00:00","description":"Liegen selbstfahrende Autos weiter in der Zukunft als wir annehmen? Manager der Automobilindustrie und KI-Entwickler sind kritischer geworden.","breadcrumb":{"@id":"https:\/\/www.wespeakiot.com\/de\/selbstfahrende-autos\/#breadcrumb"},"inLanguage":"de","potentialAction":[{"@type":"ReadAction","target":["https:\/\/www.wespeakiot.com\/de\/selbstfahrende-autos\/"]}]},{"@type":"ImageObject","inLanguage":"de","@id":"https:\/\/www.wespeakiot.com\/de\/selbstfahrende-autos\/#primaryimage","url":"https:\/\/www.wespeakiot.com\/wp-content\/uploads\/2019\/07\/selbstfahrende_autos.jpg","contentUrl":"https:\/\/www.wespeakiot.com\/wp-content\/uploads\/2019\/07\/selbstfahrende_autos.jpg","width":960,"height":640,"caption":"Selbstfahrende Autos"},{"@type":"BreadcrumbList","@id":"https:\/\/www.wespeakiot.com\/de\/selbstfahrende-autos\/#breadcrumb","itemListElement":[{"@type":"ListItem","position":1,"name":"Home","item":"https:\/\/www.wespeakiot.com\/de\/"},{"@type":"ListItem","position":2,"name":"Selbstfahrende Autos: Hat sich die Branche \u00fcbersch\u00e4tzt?"}]},{"@type":"WebSite","@id":"https:\/\/www.wespeakiot.com\/de\/#website","url":"https:\/\/www.wespeakiot.com\/de\/","name":"WeSpeakIoT","description":"Inside the Internet of Things","publisher":{"@id":"https:\/\/www.wespeakiot.com\/de\/#organization"},"potentialAction":[{"@type":"SearchAction","target":{"@type":"EntryPoint","urlTemplate":"https:\/\/www.wespeakiot.com\/de\/?s={search_term_string}"},"query-input":{"@type":"PropertyValueSpecification","valueRequired":true,"valueName":"search_term_string"}}],"inLanguage":"de"},{"@type":"Organization","@id":"https:\/\/www.wespeakiot.com\/de\/#organization","name":"WeSpeakIoT - Inside the Internet of Things","url":"https:\/\/www.wespeakiot.com\/de\/","logo":{"@type":"ImageObject","inLanguage":"de","@id":"https:\/\/www.wespeakiot.com\/de\/#\/schema\/logo\/image\/","url":"https:\/\/www.wespeakiot.com\/wp-content\/uploads\/2025\/08\/wespeakiot-logo-696x696-1.jpg","contentUrl":"https:\/\/www.wespeakiot.com\/wp-content\/uploads\/2025\/08\/wespeakiot-logo-696x696-1.jpg","width":696,"height":696,"caption":"WeSpeakIoT - Inside the Internet of Things"},"image":{"@id":"https:\/\/www.wespeakiot.com\/de\/#\/schema\/logo\/image\/"}},{"@type":"Person","@id":"https:\/\/www.wespeakiot.com\/de\/#\/schema\/person\/dd04a17adf7d86ba9e96e23b55d929f8","name":"Dennis Knake","image":{"@type":"ImageObject","inLanguage":"de","@id":"https:\/\/www.wespeakiot.com\/wp-content\/uploads\/2025\/06\/1690888686080-100x100.jpeg","url":"https:\/\/www.wespeakiot.com\/wp-content\/uploads\/2025\/06\/1690888686080-100x100.jpeg","contentUrl":"https:\/\/www.wespeakiot.com\/wp-content\/uploads\/2025\/06\/1690888686080-100x100.jpeg","caption":"Dennis Knake"},"description":"Dennis Knake is a professional editor with many years of experience in IT and telecommunications communications. For more than two decades, he has been writing about IT, IoT, and the digital transformation of industries. Fascinated by technological innovation, he follows new developments with curiosity \u2013 and a critical eye.","sameAs":["https:\/\/www.dennis-knake.de\/","https:\/\/www.linkedin.com\/in\/dennis-knake-a6917484"],"url":"https:\/\/www.wespeakiot.com\/de\/author\/dknake\/"}]}},"wp-worthy-pixel":{"ignored":false,"public":null,"server":null,"url":null},"wp-worthy-type":"normal","cc_featured_image_caption":{"caption_text":"Entspannt Zeitunglesen wie auf diesem hochglanz Stockfoto wird wohl noch etwas l\u00e4nger Zunkunftsmusik bleiben. ","source_text":"Foto: Shutterstock","source_url":""},"_links":{"self":[{"href":"https:\/\/www.wespeakiot.com\/de\/wp-json\/wp\/v2\/posts\/9460","targetHints":{"allow":["GET"]}}],"collection":[{"href":"https:\/\/www.wespeakiot.com\/de\/wp-json\/wp\/v2\/posts"}],"about":[{"href":"https:\/\/www.wespeakiot.com\/de\/wp-json\/wp\/v2\/types\/post"}],"author":[{"embeddable":true,"href":"https:\/\/www.wespeakiot.com\/de\/wp-json\/wp\/v2\/users\/2"}],"replies":[{"embeddable":true,"href":"https:\/\/www.wespeakiot.com\/de\/wp-json\/wp\/v2\/comments?post=9460"}],"version-history":[{"count":0,"href":"https:\/\/www.wespeakiot.com\/de\/wp-json\/wp\/v2\/posts\/9460\/revisions"}],"wp:featuredmedia":[{"embeddable":true,"href":"https:\/\/www.wespeakiot.com\/de\/wp-json\/wp\/v2\/media\/9463"}],"wp:attachment":[{"href":"https:\/\/www.wespeakiot.com\/de\/wp-json\/wp\/v2\/media?parent=9460"}],"wp:term":[{"taxonomy":"category","embeddable":true,"href":"https:\/\/www.wespeakiot.com\/de\/wp-json\/wp\/v2\/categories?post=9460"},{"taxonomy":"post_tag","embeddable":true,"href":"https:\/\/www.wespeakiot.com\/de\/wp-json\/wp\/v2\/tags?post=9460"}],"curies":[{"name":"wp","href":"https:\/\/api.w.org\/{rel}","templated":true}]}}