{"id":9996,"date":"2019-10-10T16:20:35","date_gmt":"2019-10-10T14:20:35","guid":{"rendered":"https:\/\/www.wespeakiot.com\/?p=9996"},"modified":"2019-10-10T16:51:15","modified_gmt":"2019-10-10T14:51:15","slug":"last-week-in-iot-xvi","status":"publish","type":"post","link":"https:\/\/www.wespeakiot.com\/de\/last-week-in-iot-xvi\/","title":{"rendered":"Last Week in IoT [XVI]"},"content":{"rendered":"<div class=\"ccfic\"><span class=\"ccfic-text\">Graphik: Pixabay, John Oliver\/ab - <\/span> <span class=\"ccfic-source\">Last Week In IoT<\/span><\/div>\n<h2>Last Week In IoT\u2026 ein kurzer R\u00fcckblick auf einige IoT-Meldungen der vergangenen Woche.<\/h2>\n<h3><a href=\"https:\/\/www.wespeakiot.com\/de\/imow-smart-gardening-mit-innogy-und-stihl\/\" target=\"_blank\" rel=\"noopener noreferrer\"><span style=\"color: #ff0000\">iMOW: Smart Gardening mit innogy und STIHL<\/span><\/a><\/h3>\n<p>iMOW (ich m\u00e4he; eng) \u2013 die Rasenm\u00e4hroboter des deutschen Familienunternehmes STIHL profitieren zuk\u00fcnftig von der intelligenten Vernetzung mit der Livisi IoT-Plattform. Auf der IoT-Plattform Livisi (- eine hundertprozentigen Tochtergesellschaft der innogy -) werden zuk\u00fcnftig auch Anwendungsszenarien, Apps und Services f\u00fcr die Rasenm\u00e4hroboter des schw\u00e4bischen Familienunternehmen STIHL entwickelt und gepflegt. Livisi bietet attraktive Funktionen und Services f\u00fcr das vernetzte Leben \u2013 zusammen mit innogy SmartHome Ger\u00e4ten sowie dem Amazon Sprachdienst Alexa, Google Assistant, Philips hue, netatmo, MEDION Smart Home, Novoferm und vielen weiteren. [<a href=\"https:\/\/www.wespeakiot.com\/de\/imow-smart-gardening-mit-innogy-und-stihl\/\" target=\"_blank\" rel=\"noopener noreferrer\">&#8230;<\/a>]<\/p>\n<h3><a href=\"https:\/\/www.it-zoom.de\/it-director\/e\/das-netz-der-dinge-erobert-die-industrie-23991\/\" target=\"_blank\" rel=\"noopener noreferrer\"><span style=\"color: #ff0000\">Das Netz der Dinge erobert die Industrie<\/span><\/a><\/h3>\n<p>Das Internet of Things (IoT) setzt sich in der Unternehmens\u00adpraxis durch. Vor allem Standortlogistik und Produktion \u00adprofitieren von der Technologie. Standards k\u00f6nnten die \u00adVerbreitung weiter beschleunigen. IoT-L\u00f6sungen halten in der Industrie und im Handel verst\u00e4rkt Einzug: Zu diesem Schluss kommen die Marktforscher von PAC in der Studie \u201eDas Internet der Dinge im deutschen Mittelstand 2019\u201c. Vor allem im verarbeitenden Gewerbe f\u00fchren demnach aktuell mit 40 Prozent die meisten Unternehmen ein neues IoT-Projekt ein. Die befragten 161 Unternehmen sehen den gr\u00f6\u00dften Investitionsbedarf bei der IT-Sicherheit und der Konnektivit\u00e4t. Deutlich ist, dass IoT viele andere neue Technologien und Konzepte wie Industrie 4.0, den Digitalen Zwilling oder Augmented Reality voranbringt. Viel spielt sich auf IoT-Plattformen ab, deren Landschaft aus gut 600 Angeboten sich noch immer nicht nennenswert konsolidiert hat. [<a href=\"https:\/\/www.it-zoom.de\/it-director\/e\/das-netz-der-dinge-erobert-die-industrie-23991\/\" target=\"_blank\" rel=\"noopener noreferrer\">&#8230;<\/a>]<\/p>\n<h3><a href=\"https:\/\/www.wespeakiot.com\/de\/smart-farming-produktive-nachhaltige-agrarwirtschaft\/\" target=\"_blank\" rel=\"noopener noreferrer\"><span style=\"color: #ff0000\">Smart Farming \u2013 Produktive, nachhaltige Agrarwirtschaft<\/span><\/a><\/h3>\n<p>Die fortschreitende Digitalisierung gewinnt auch in der Agrarwirtschaft zunehmend an Bedeutung: Datengest\u00fctzter gezielter Einsatz von D\u00fcnge- und Pflanzenschutzmitteln, Sensoren zur Bodenanalyse und autonomes Fahren sind nur einige Schlagworte in der derzeitigen Diskussion um Farming 4.0 oder Smart Farming. &#8230; &#8222;<em>Smart Farming kann durch einen pr\u00e4ziseren und ressourceneffizienten Ansatz eine produktivere und nachhaltigere Agrarwirtschaft unterst\u00fctzen<\/em>&#8222;, sagte Dr. Jan Regtmeier, Director Product Management bei HARTING IT Software Development. [<a href=\"https:\/\/www.wespeakiot.com\/de\/smart-farming-produktive-nachhaltige-agrarwirtschaft\/\" target=\"_blank\" rel=\"noopener noreferrer\">&#8230;<\/a>]<\/p>\n<h3><a href=\"https:\/\/www.cio.de\/a\/rotes-kreuz-nutzt-virtualisierung-und-iot,3606283\" target=\"_blank\" rel=\"noopener noreferrer\"><span style=\"color: #ff0000\">Rotes Kreuz nutzt Virtualisierung und IoT<\/span><\/a><\/h3>\n<p>Das Internationale Komitee vom Roten Kreuz setzt seine digitale Agenda um. Im ersten Schritt sorgt die Organisation f\u00fcr eine sichere weltweite Vernetzung. Von der zentrale in Genf aus nutzt das Internationale Komitee des Roten Kreuz die M\u00f6glichkeiten der Digitalisierung. &#8222;<em>Wir sind von Syrien bis auf die Fiji-Inseln \u00fcberall auf der Welt vertreten<\/em>&#8222;, so Daniel Curty, CTO und Co-Head der ICT Division beim Internationalen Komitee vom Roten Kreuz (IKRK). &#8222;<em>Da ist es durchaus eine Herausforderung, alle Mitarbeiter miteinander zu vernetzen. Schnelligkeit und Agilit\u00e4t sind der Schl\u00fcssel f\u00fcr eine erfolgreiche Kommunikation.<\/em>&#8220; Gro\u00dfe Herausforderungen der IKRK bestehen deshalb zum Beispiel darin, die Mitarbeiter auf der ganzen Welt an die IT anzubinden und einen sicheren, globalen Datenverkehr zu erm\u00f6glichen. Wie das erreicht werden soll, legte die Organisation in einer digitalen Roadmap 2018-2022 fest. [<a href=\"https:\/\/www.cio.de\/a\/rotes-kreuz-nutzt-virtualisierung-und-iot,3606283\" target=\"_blank\" rel=\"noopener noreferrer\">&#8230;<\/a>]<\/p>\n<h3><a href=\"https:\/\/www.wespeakiot.com\/de\/metering-days-2019-fulda-laedt-ein\/\" target=\"_blank\" rel=\"noopener noreferrer\"><span style=\"color: #ff0000\">Metering days 2019: Fulda lud ein<\/span><\/a><\/h3>\n<p>Am 9. und 10. Oktober lud die ZVEI-Services GmbH (ZSG) zu den metering days in Fulda um aktuelle Produktneuheiten und Trends der digitalen Energiewelt im Internet der Dinge zu diskutieren.<br \/>\nDie Tagung richtete sich an Entscheider und F\u00fchrungskr\u00e4fte aus den Vorst\u00e4nden und Aufsichtsr\u00e4ten von Unternehmen \u2013 an Gesch\u00e4ftsf\u00fchrer mit den Verantwortungsbereichen kaufm\u00e4nnische und technische Leitung. Angesprochen waren ferner Fach- und F\u00fchrungskr\u00e4fte, insbesondere aus den Bereichen Fertigung und Produktion, Organisationsentwicklung, Business Development, Projektmanagement, Strategisches Management, Forschung und Entwicklung, Mess- und Z\u00e4hlerwesen, Daten\u00f6konomie und Personalmanagement. [<a href=\"https:\/\/www.wespeakiot.com\/de\/metering-days-2019-fulda-laedt-ein\/\" target=\"_blank\" rel=\"noopener noreferrer\">&#8230;<\/a>]<\/p>\n<h3><a href=\"https:\/\/www.elektronikpraxis.vogel.de\/von-machine-vision-bis-sensor-to-cloud-trends-und-technologien-fuer-iot-und-smart-home-a-864340\/\" target=\"_blank\" rel=\"noopener noreferrer\"><span style=\"color: #ff0000\">Von Machine Vision bis Sensor-to Cloud: Trends und Technologien f\u00fcr IoT und Smart Home<\/span><\/a><\/h3>\n<p>Mit einer spannenden Seminarreihe bieten IoT-Experten aus der Halbleiterbranche Entwicklern und Produktmanagern Orientierung bei Trends und Technologien f\u00fcr Smart Home und Smart Building. Am 7. November machen sie Stop in M\u00fcnchen \u2013 die Agenda klingt vielversprechend. Alle Teilnehmer k\u00f6nnen au\u00dferdem ein St\u00fcck Smart-Home-Technik mit nach Hause nehmen. Glaubt man Analysten, wird der weltweite Markt f\u00fcr intelligente Haus- und Geb\u00e4udetechnik bis 2024 ein Volumen von rund 200 Milliarden US-Dollar erreichen. Neben Komfort ist ein wesentlicher Wachstumstreiber die Energieeffizienz, die den Einsatz von Technologien und Konzepten wie LED, vernetzte Beleuchtung, Occupancy Monitoring und Sensoren f\u00fcr Predictive Maintenance f\u00f6rdert. An 11 Standorten weltweit stellen IoT-Experten im Rahmen der ON Semiconductor Technologie-Seminare Innovations in Smart Homes and Buildings die aktuellen Trends und Design-Herausforderungen f\u00fcr Hersteller in diesem Marktsegment vor, pr\u00e4sentieren Ideen und zeigen Designprinzipien sowie Hands-On-Demos im Rahmen folgender Sessions: [<a href=\"https:\/\/www.elektronikpraxis.vogel.de\/von-machine-vision-bis-sensor-to-cloud-trends-und-technologien-fuer-iot-und-smart-home-a-864340\/\" target=\"_blank\" rel=\"noopener noreferrer\">&#8230;<\/a>]<\/p>\n","protected":false},"excerpt":{"rendered":"<p>Last Week In IoT XVI&#8230; ein kurzer R\u00fcckblick auf einige IoT-Meldungen der vergangenen Woche.<\/p>\n","protected":false},"author":24,"featured_media":9226,"comment_status":"open","ping_status":"open","sticky":false,"template":"","format":"standard","meta":{"footnotes":""},"categories":[2360],"tags":[7359,6641,6287,6349],"class_list":["post-9996","post","type-post","status-publish","format-standard","has-post-thumbnail","hentry","category-schlagzeilen","tag-last-week-de","tag-last-week-in-iot","tag-lemonbeat-de","tag-wespeakiot-de"],"yoast_head":"<!-- This site is optimized with the Yoast SEO plugin v27.5 - https:\/\/yoast.com\/product\/yoast-seo-wordpress\/ -->\n<title>Last Week in IoT [XVI] - We speak IoT<\/title>\n<meta name=\"description\" content=\"Last Week In IoT XVI... ein kurzer R\u00fcckblick auf einige IoT-Meldungen der vergangenen Woche.\" \/>\n<meta name=\"robots\" content=\"index, follow, max-snippet:-1, max-image-preview:large, max-video-preview:-1\" \/>\n<link rel=\"canonical\" href=\"https:\/\/www.wespeakiot.com\/de\/last-week-in-iot-xvi\/\" \/>\n<meta property=\"og:locale\" content=\"de_DE\" \/>\n<meta property=\"og:type\" content=\"article\" \/>\n<meta property=\"og:title\" content=\"Last Week in IoT [XVI] - We speak IoT\" \/>\n<meta property=\"og:description\" content=\"Last Week In IoT XVI... ein kurzer R\u00fcckblick auf einige IoT-Meldungen der vergangenen Woche.\" \/>\n<meta property=\"og:url\" content=\"https:\/\/www.wespeakiot.com\/de\/last-week-in-iot-xvi\/\" \/>\n<meta property=\"og:site_name\" content=\"We speak IoT\" \/>\n<meta property=\"article:published_time\" content=\"2019-10-10T14:20:35+00:00\" \/>\n<meta property=\"article:modified_time\" content=\"2019-10-10T14:51:15+00:00\" \/>\n<meta property=\"og:image\" content=\"https:\/\/www.wespeakiot.com\/wp-content\/uploads\/2019\/05\/LastWeek3-1.jpg\" \/>\n\t<meta property=\"og:image:width\" content=\"960\" \/>\n\t<meta property=\"og:image:height\" content=\"640\" \/>\n\t<meta property=\"og:image:type\" content=\"image\/jpeg\" \/>\n<meta name=\"author\" content=\"Editorial Staff\" \/>\n<meta name=\"twitter:card\" content=\"summary_large_image\" \/>\n<meta name=\"twitter:label1\" content=\"Verfasst von\" \/>\n\t<meta name=\"twitter:data1\" content=\"Editorial Staff\" \/>\n\t<meta name=\"twitter:label2\" content=\"Gesch\u00e4tzte Lesezeit\" \/>\n\t<meta name=\"twitter:data2\" content=\"4\u00a0Minuten\" \/>\n<script type=\"application\/ld+json\" class=\"yoast-schema-graph\">{\"@context\":\"https:\\\/\\\/schema.org\",\"@graph\":[{\"@type\":\"NewsArticle\",\"@id\":\"https:\\\/\\\/www.wespeakiot.com\\\/de\\\/last-week-in-iot-xvi\\\/#article\",\"isPartOf\":{\"@id\":\"https:\\\/\\\/www.wespeakiot.com\\\/de\\\/last-week-in-iot-xvi\\\/\"},\"author\":{\"name\":\"Editorial Staff\",\"@id\":\"https:\\\/\\\/www.wespeakiot.com\\\/de\\\/#\\\/schema\\\/person\\\/f7fc26ad99702ff175fe7dc16d590925\"},\"headline\":\"Last Week in IoT [XVI]\",\"datePublished\":\"2019-10-10T14:20:35+00:00\",\"dateModified\":\"2019-10-10T14:51:15+00:00\",\"mainEntityOfPage\":{\"@id\":\"https:\\\/\\\/www.wespeakiot.com\\\/de\\\/last-week-in-iot-xvi\\\/\"},\"wordCount\":719,\"commentCount\":0,\"publisher\":{\"@id\":\"https:\\\/\\\/www.wespeakiot.com\\\/de\\\/#organization\"},\"image\":{\"@id\":\"https:\\\/\\\/www.wespeakiot.com\\\/de\\\/last-week-in-iot-xvi\\\/#primaryimage\"},\"thumbnailUrl\":\"https:\\\/\\\/www.wespeakiot.com\\\/wp-content\\\/uploads\\\/2019\\\/05\\\/LastWeek3-1.jpg\",\"keywords\":[\"Last Week\",\"Last Week In IoT\",\"Lemonbeat\",\"Wespeakiot\"],\"articleSection\":[\"Schlagzeilen\"],\"inLanguage\":\"de\",\"potentialAction\":[{\"@type\":\"CommentAction\",\"name\":\"Comment\",\"target\":[\"https:\\\/\\\/www.wespeakiot.com\\\/de\\\/last-week-in-iot-xvi\\\/#respond\"]}]},{\"@type\":\"WebPage\",\"@id\":\"https:\\\/\\\/www.wespeakiot.com\\\/de\\\/last-week-in-iot-xvi\\\/\",\"url\":\"https:\\\/\\\/www.wespeakiot.com\\\/de\\\/last-week-in-iot-xvi\\\/\",\"name\":\"Last Week in IoT [XVI] - We speak IoT\",\"isPartOf\":{\"@id\":\"https:\\\/\\\/www.wespeakiot.com\\\/de\\\/#website\"},\"primaryImageOfPage\":{\"@id\":\"https:\\\/\\\/www.wespeakiot.com\\\/de\\\/last-week-in-iot-xvi\\\/#primaryimage\"},\"image\":{\"@id\":\"https:\\\/\\\/www.wespeakiot.com\\\/de\\\/last-week-in-iot-xvi\\\/#primaryimage\"},\"thumbnailUrl\":\"https:\\\/\\\/www.wespeakiot.com\\\/wp-content\\\/uploads\\\/2019\\\/05\\\/LastWeek3-1.jpg\",\"datePublished\":\"2019-10-10T14:20:35+00:00\",\"dateModified\":\"2019-10-10T14:51:15+00:00\",\"description\":\"Last Week In IoT XVI... ein kurzer R\u00fcckblick auf einige IoT-Meldungen der vergangenen Woche.\",\"breadcrumb\":{\"@id\":\"https:\\\/\\\/www.wespeakiot.com\\\/de\\\/last-week-in-iot-xvi\\\/#breadcrumb\"},\"inLanguage\":\"de\",\"potentialAction\":[{\"@type\":\"ReadAction\",\"target\":[\"https:\\\/\\\/www.wespeakiot.com\\\/de\\\/last-week-in-iot-xvi\\\/\"]}]},{\"@type\":\"ImageObject\",\"inLanguage\":\"de\",\"@id\":\"https:\\\/\\\/www.wespeakiot.com\\\/de\\\/last-week-in-iot-xvi\\\/#primaryimage\",\"url\":\"https:\\\/\\\/www.wespeakiot.com\\\/wp-content\\\/uploads\\\/2019\\\/05\\\/LastWeek3-1.jpg\",\"contentUrl\":\"https:\\\/\\\/www.wespeakiot.com\\\/wp-content\\\/uploads\\\/2019\\\/05\\\/LastWeek3-1.jpg\",\"width\":960,\"height\":640,\"caption\":\"Last Week in IoT (2)\"},{\"@type\":\"BreadcrumbList\",\"@id\":\"https:\\\/\\\/www.wespeakiot.com\\\/de\\\/last-week-in-iot-xvi\\\/#breadcrumb\",\"itemListElement\":[{\"@type\":\"ListItem\",\"position\":1,\"name\":\"Home\",\"item\":\"https:\\\/\\\/www.wespeakiot.com\\\/de\\\/\"},{\"@type\":\"ListItem\",\"position\":2,\"name\":\"Last Week in IoT [XVI]\"}]},{\"@type\":\"WebSite\",\"@id\":\"https:\\\/\\\/www.wespeakiot.com\\\/de\\\/#website\",\"url\":\"https:\\\/\\\/www.wespeakiot.com\\\/de\\\/\",\"name\":\"WeSpeakIoT\",\"description\":\"Inside the Internet of Things\",\"publisher\":{\"@id\":\"https:\\\/\\\/www.wespeakiot.com\\\/de\\\/#organization\"},\"potentialAction\":[{\"@type\":\"SearchAction\",\"target\":{\"@type\":\"EntryPoint\",\"urlTemplate\":\"https:\\\/\\\/www.wespeakiot.com\\\/de\\\/?s={search_term_string}\"},\"query-input\":{\"@type\":\"PropertyValueSpecification\",\"valueRequired\":true,\"valueName\":\"search_term_string\"}}],\"inLanguage\":\"de\"},{\"@type\":\"Organization\",\"@id\":\"https:\\\/\\\/www.wespeakiot.com\\\/de\\\/#organization\",\"name\":\"WeSpeakIoT - Inside the Internet of Things\",\"url\":\"https:\\\/\\\/www.wespeakiot.com\\\/de\\\/\",\"logo\":{\"@type\":\"ImageObject\",\"inLanguage\":\"de\",\"@id\":\"https:\\\/\\\/www.wespeakiot.com\\\/de\\\/#\\\/schema\\\/logo\\\/image\\\/\",\"url\":\"https:\\\/\\\/www.wespeakiot.com\\\/wp-content\\\/uploads\\\/2025\\\/08\\\/wespeakiot-logo-696x696-1.jpg\",\"contentUrl\":\"https:\\\/\\\/www.wespeakiot.com\\\/wp-content\\\/uploads\\\/2025\\\/08\\\/wespeakiot-logo-696x696-1.jpg\",\"width\":696,\"height\":696,\"caption\":\"WeSpeakIoT - Inside the Internet of Things\"},\"image\":{\"@id\":\"https:\\\/\\\/www.wespeakiot.com\\\/de\\\/#\\\/schema\\\/logo\\\/image\\\/\"}},{\"@type\":\"Person\",\"@id\":\"https:\\\/\\\/www.wespeakiot.com\\\/de\\\/#\\\/schema\\\/person\\\/f7fc26ad99702ff175fe7dc16d590925\",\"name\":\"Editorial Staff\",\"image\":{\"@type\":\"ImageObject\",\"inLanguage\":\"de\",\"@id\":\"https:\\\/\\\/www.wespeakiot.com\\\/wp-content\\\/uploads\\\/2017\\\/07\\\/wsi_logo_black-100x100.jpg\",\"url\":\"https:\\\/\\\/www.wespeakiot.com\\\/wp-content\\\/uploads\\\/2017\\\/07\\\/wsi_logo_black-100x100.jpg\",\"contentUrl\":\"https:\\\/\\\/www.wespeakiot.com\\\/wp-content\\\/uploads\\\/2017\\\/07\\\/wsi_logo_black-100x100.jpg\",\"caption\":\"Editorial Staff\"},\"url\":\"https:\\\/\\\/www.wespeakiot.com\\\/de\\\/author\\\/estaff\\\/\"}]}<\/script>\n<!-- \/ Yoast SEO plugin. -->","yoast_head_json":{"title":"Last Week in IoT [XVI] - We speak IoT","description":"Last Week In IoT XVI... ein kurzer R\u00fcckblick auf einige IoT-Meldungen der vergangenen Woche.","robots":{"index":"index","follow":"follow","max-snippet":"max-snippet:-1","max-image-preview":"max-image-preview:large","max-video-preview":"max-video-preview:-1"},"canonical":"https:\/\/www.wespeakiot.com\/de\/last-week-in-iot-xvi\/","og_locale":"de_DE","og_type":"article","og_title":"Last Week in IoT [XVI] - We speak IoT","og_description":"Last Week In IoT XVI... ein kurzer R\u00fcckblick auf einige IoT-Meldungen der vergangenen Woche.","og_url":"https:\/\/www.wespeakiot.com\/de\/last-week-in-iot-xvi\/","og_site_name":"We speak IoT","article_published_time":"2019-10-10T14:20:35+00:00","article_modified_time":"2019-10-10T14:51:15+00:00","og_image":[{"width":960,"height":640,"url":"https:\/\/www.wespeakiot.com\/wp-content\/uploads\/2019\/05\/LastWeek3-1.jpg","type":"image\/jpeg"}],"author":"Editorial Staff","twitter_card":"summary_large_image","twitter_misc":{"Verfasst von":"Editorial Staff","Gesch\u00e4tzte Lesezeit":"4\u00a0Minuten"},"schema":{"@context":"https:\/\/schema.org","@graph":[{"@type":"NewsArticle","@id":"https:\/\/www.wespeakiot.com\/de\/last-week-in-iot-xvi\/#article","isPartOf":{"@id":"https:\/\/www.wespeakiot.com\/de\/last-week-in-iot-xvi\/"},"author":{"name":"Editorial Staff","@id":"https:\/\/www.wespeakiot.com\/de\/#\/schema\/person\/f7fc26ad99702ff175fe7dc16d590925"},"headline":"Last Week in IoT [XVI]","datePublished":"2019-10-10T14:20:35+00:00","dateModified":"2019-10-10T14:51:15+00:00","mainEntityOfPage":{"@id":"https:\/\/www.wespeakiot.com\/de\/last-week-in-iot-xvi\/"},"wordCount":719,"commentCount":0,"publisher":{"@id":"https:\/\/www.wespeakiot.com\/de\/#organization"},"image":{"@id":"https:\/\/www.wespeakiot.com\/de\/last-week-in-iot-xvi\/#primaryimage"},"thumbnailUrl":"https:\/\/www.wespeakiot.com\/wp-content\/uploads\/2019\/05\/LastWeek3-1.jpg","keywords":["Last Week","Last Week In IoT","Lemonbeat","Wespeakiot"],"articleSection":["Schlagzeilen"],"inLanguage":"de","potentialAction":[{"@type":"CommentAction","name":"Comment","target":["https:\/\/www.wespeakiot.com\/de\/last-week-in-iot-xvi\/#respond"]}]},{"@type":"WebPage","@id":"https:\/\/www.wespeakiot.com\/de\/last-week-in-iot-xvi\/","url":"https:\/\/www.wespeakiot.com\/de\/last-week-in-iot-xvi\/","name":"Last Week in IoT [XVI] - We speak IoT","isPartOf":{"@id":"https:\/\/www.wespeakiot.com\/de\/#website"},"primaryImageOfPage":{"@id":"https:\/\/www.wespeakiot.com\/de\/last-week-in-iot-xvi\/#primaryimage"},"image":{"@id":"https:\/\/www.wespeakiot.com\/de\/last-week-in-iot-xvi\/#primaryimage"},"thumbnailUrl":"https:\/\/www.wespeakiot.com\/wp-content\/uploads\/2019\/05\/LastWeek3-1.jpg","datePublished":"2019-10-10T14:20:35+00:00","dateModified":"2019-10-10T14:51:15+00:00","description":"Last Week In IoT XVI... ein kurzer R\u00fcckblick auf einige IoT-Meldungen der vergangenen Woche.","breadcrumb":{"@id":"https:\/\/www.wespeakiot.com\/de\/last-week-in-iot-xvi\/#breadcrumb"},"inLanguage":"de","potentialAction":[{"@type":"ReadAction","target":["https:\/\/www.wespeakiot.com\/de\/last-week-in-iot-xvi\/"]}]},{"@type":"ImageObject","inLanguage":"de","@id":"https:\/\/www.wespeakiot.com\/de\/last-week-in-iot-xvi\/#primaryimage","url":"https:\/\/www.wespeakiot.com\/wp-content\/uploads\/2019\/05\/LastWeek3-1.jpg","contentUrl":"https:\/\/www.wespeakiot.com\/wp-content\/uploads\/2019\/05\/LastWeek3-1.jpg","width":960,"height":640,"caption":"Last Week in IoT (2)"},{"@type":"BreadcrumbList","@id":"https:\/\/www.wespeakiot.com\/de\/last-week-in-iot-xvi\/#breadcrumb","itemListElement":[{"@type":"ListItem","position":1,"name":"Home","item":"https:\/\/www.wespeakiot.com\/de\/"},{"@type":"ListItem","position":2,"name":"Last Week in IoT [XVI]"}]},{"@type":"WebSite","@id":"https:\/\/www.wespeakiot.com\/de\/#website","url":"https:\/\/www.wespeakiot.com\/de\/","name":"WeSpeakIoT","description":"Inside the Internet of Things","publisher":{"@id":"https:\/\/www.wespeakiot.com\/de\/#organization"},"potentialAction":[{"@type":"SearchAction","target":{"@type":"EntryPoint","urlTemplate":"https:\/\/www.wespeakiot.com\/de\/?s={search_term_string}"},"query-input":{"@type":"PropertyValueSpecification","valueRequired":true,"valueName":"search_term_string"}}],"inLanguage":"de"},{"@type":"Organization","@id":"https:\/\/www.wespeakiot.com\/de\/#organization","name":"WeSpeakIoT - Inside the Internet of Things","url":"https:\/\/www.wespeakiot.com\/de\/","logo":{"@type":"ImageObject","inLanguage":"de","@id":"https:\/\/www.wespeakiot.com\/de\/#\/schema\/logo\/image\/","url":"https:\/\/www.wespeakiot.com\/wp-content\/uploads\/2025\/08\/wespeakiot-logo-696x696-1.jpg","contentUrl":"https:\/\/www.wespeakiot.com\/wp-content\/uploads\/2025\/08\/wespeakiot-logo-696x696-1.jpg","width":696,"height":696,"caption":"WeSpeakIoT - Inside the Internet of Things"},"image":{"@id":"https:\/\/www.wespeakiot.com\/de\/#\/schema\/logo\/image\/"}},{"@type":"Person","@id":"https:\/\/www.wespeakiot.com\/de\/#\/schema\/person\/f7fc26ad99702ff175fe7dc16d590925","name":"Editorial Staff","image":{"@type":"ImageObject","inLanguage":"de","@id":"https:\/\/www.wespeakiot.com\/wp-content\/uploads\/2017\/07\/wsi_logo_black-100x100.jpg","url":"https:\/\/www.wespeakiot.com\/wp-content\/uploads\/2017\/07\/wsi_logo_black-100x100.jpg","contentUrl":"https:\/\/www.wespeakiot.com\/wp-content\/uploads\/2017\/07\/wsi_logo_black-100x100.jpg","caption":"Editorial Staff"},"url":"https:\/\/www.wespeakiot.com\/de\/author\/estaff\/"}]}},"wp-worthy-pixel":{"ignored":false,"public":null,"server":null,"url":null},"wp-worthy-type":"normal","cc_featured_image_caption":{"caption_text":"Graphik: Pixabay, John Oliver\/ab - ","source_text":"Last Week In IoT","source_url":""},"_links":{"self":[{"href":"https:\/\/www.wespeakiot.com\/de\/wp-json\/wp\/v2\/posts\/9996","targetHints":{"allow":["GET"]}}],"collection":[{"href":"https:\/\/www.wespeakiot.com\/de\/wp-json\/wp\/v2\/posts"}],"about":[{"href":"https:\/\/www.wespeakiot.com\/de\/wp-json\/wp\/v2\/types\/post"}],"author":[{"embeddable":true,"href":"https:\/\/www.wespeakiot.com\/de\/wp-json\/wp\/v2\/users\/24"}],"replies":[{"embeddable":true,"href":"https:\/\/www.wespeakiot.com\/de\/wp-json\/wp\/v2\/comments?post=9996"}],"version-history":[{"count":0,"href":"https:\/\/www.wespeakiot.com\/de\/wp-json\/wp\/v2\/posts\/9996\/revisions"}],"wp:featuredmedia":[{"embeddable":true,"href":"https:\/\/www.wespeakiot.com\/de\/wp-json\/wp\/v2\/media\/9226"}],"wp:attachment":[{"href":"https:\/\/www.wespeakiot.com\/de\/wp-json\/wp\/v2\/media?parent=9996"}],"wp:term":[{"taxonomy":"category","embeddable":true,"href":"https:\/\/www.wespeakiot.com\/de\/wp-json\/wp\/v2\/categories?post=9996"},{"taxonomy":"post_tag","embeddable":true,"href":"https:\/\/www.wespeakiot.com\/de\/wp-json\/wp\/v2\/tags?post=9996"}],"curies":[{"name":"wp","href":"https:\/\/api.w.org\/{rel}","templated":true}]}}